
{"id":97284,"date":"2021-09-28T23:32:17","date_gmt":"2021-09-29T02:32:17","guid":{"rendered":"https:\/\/www.sudoestehoje.com.br\/novoportal\/?p=97284"},"modified":"2021-09-28T23:32:17","modified_gmt":"2021-09-29T02:32:17","slug":"medico-assassinado-teria-assediado-esposa-do-mandante-do-crime-diz-policia","status":"publish","type":"post","link":"https:\/\/www.sudoestehoje.com.br\/novoportal\/2021\/09\/28\/medico-assassinado-teria-assediado-esposa-do-mandante-do-crime-diz-policia\/","title":{"rendered":"M\u00c9DICO ASSASSINADO TERIA ASSEDIADO ESPOSA DO MANDANTE DO CRIME, DIZ POL\u00cdCIA"},"content":{"rendered":"<p><a href=\"https:\/\/www.sudoestehoje.com.br\/novoportal\/wp-content\/uploads\/2021\/09\/crime-de-mando-diz-delegada-pediatra-morto-a-tiros-clinica-cidade-de-barra.jpg\"><img loading=\"lazy\" decoding=\"async\" class=\"aligncenter size-medium wp-image-97286\" src=\"https:\/\/www.sudoestehoje.com.br\/novoportal\/wp-content\/uploads\/2021\/09\/crime-de-mando-diz-delegada-pediatra-morto-a-tiros-clinica-cidade-de-barra-500x300.jpg\" alt=\"\" width=\"500\" height=\"300\" srcset=\"https:\/\/www.sudoestehoje.com.br\/novoportal\/wp-content\/uploads\/2021\/09\/crime-de-mando-diz-delegada-pediatra-morto-a-tiros-clinica-cidade-de-barra-500x300.jpg 500w, https:\/\/www.sudoestehoje.com.br\/novoportal\/wp-content\/uploads\/2021\/09\/crime-de-mando-diz-delegada-pediatra-morto-a-tiros-clinica-cidade-de-barra-700x420.jpg 700w, https:\/\/www.sudoestehoje.com.br\/novoportal\/wp-content\/uploads\/2021\/09\/crime-de-mando-diz-delegada-pediatra-morto-a-tiros-clinica-cidade-de-barra.jpg 750w\" sizes=\"auto, (max-width: 500px) 100vw, 500px\" \/><\/a><\/p>\n<p>A Pol\u00edcia Civil da Bahia elucidou, em quatro dias, o homic\u00eddio do m\u00e9dico pediatra J\u00falio C\u00e9sar de Queiroz Teixeira, de 44 anos, ocorrido na \u00faltima quinta-feira (23). Os envolvidos foram identificados e dois foram presos. As capturas s\u00e3o resultado do trabalho conjunto realizado por policiais da Delegacia Territorial (DT) do munic\u00edpio de Barra e da Coordenadoria Regional de Pol\u00edcia do Interior (14\u00aa Coorpin\/Irec\u00ea), com o apoio da Coordena\u00e7\u00e3o de Apoio T\u00e9cnico \u00e0 Investiga\u00e7\u00e3o, do Departamento de Pol\u00edcia do Interior (Cati\/Depin).<\/p>\n<p>O autor dos disparos foi preso na segunda-feira (27) e o condutor da motocicleta utilizada no homic\u00eddio, na madrugada desta ter\u00e7a-feira (28). A moto e o capacete utilizados no crime foram apreendidos. Segundo o titular da DT\/Barra, delegado Jenivaldo Rodrigues, a dupla foi contratada para matar o m\u00e9dico. \u201cEles confessaram o crime e informaram que cada um recebeu a quantia de R$ 2 mil para executar a v\u00edtima\u201d, informou o delegado.<\/p>\n<p>De acordo com o coordenador da 14\u00aa Coorpin\/Irec\u00ea, delegado Ernandes Reis Santos J\u00fanior, o crime foi encomendado por um homem que seria companheiro de uma paciente. \u201cConforme apurado nas investiga\u00e7\u00f5es, o mandante do homic\u00eddio alegou que a v\u00edtima teria cometido um suposto <strong>ass\u00e9dio a sua esposa<\/strong> e por esse motivo determinou a morte do m\u00e9dico\u201d, detalhou. As equipes continuam realizando dilig\u00eancias para localizar e prender o mandante do crime<\/p>\n","protected":false},"excerpt":{"rendered":"<p>A Pol\u00edcia Civil da Bahia elucidou, em quatro dias, o homic\u00eddio do m\u00e9dico pediatra J\u00falio C\u00e9sar de Queiroz Teixeira, de 44 anos, ocorrido na \u00faltima quinta-feira (23). Os envolvidos foram identificados e dois foram presos. As capturas s\u00e3o resultado do trabalho conjunto realizado por policiais da Delegacia Territorial (DT) do munic\u00edpio de Barra e da [&hellip;]<\/p>\n","protected":false},"author":2,"featured_media":97286,"comment_status":"open","ping_status":"open","sticky":false,"template":"","format":"standard","meta":{"footnotes":"","_links_to":"","_links_to_target":""},"categories":[1],"tags":[],"class_list":["post-97284","post","type-post","status-publish","format-standard","has-post-thumbnail","hentry","category-geral"],"views":806,"_links":{"self":[{"href":"https:\/\/www.sudoestehoje.com.br\/novoportal\/wp-json\/wp\/v2\/posts\/97284","targetHints":{"allow":["GET"]}}],"collection":[{"href":"https:\/\/www.sudoestehoje.com.br\/novoportal\/wp-json\/wp\/v2\/posts"}],"about":[{"href":"https:\/\/www.sudoestehoje.com.br\/novoportal\/wp-json\/wp\/v2\/types\/post"}],"author":[{"embeddable":true,"href":"https:\/\/www.sudoestehoje.com.br\/novoportal\/wp-json\/wp\/v2\/users\/2"}],"replies":[{"embeddable":true,"href":"https:\/\/www.sudoestehoje.com.br\/novoportal\/wp-json\/wp\/v2\/comments?post=97284"}],"version-history":[{"count":2,"href":"https:\/\/www.sudoestehoje.com.br\/novoportal\/wp-json\/wp\/v2\/posts\/97284\/revisions"}],"predecessor-version":[{"id":97287,"href":"https:\/\/www.sudoestehoje.com.br\/novoportal\/wp-json\/wp\/v2\/posts\/97284\/revisions\/97287"}],"wp:featuredmedia":[{"embeddable":true,"href":"https:\/\/www.sudoestehoje.com.br\/novoportal\/wp-json\/wp\/v2\/media\/97286"}],"wp:attachment":[{"href":"https:\/\/www.sudoestehoje.com.br\/novoportal\/wp-json\/wp\/v2\/media?parent=97284"}],"wp:term":[{"taxonomy":"category","embeddable":true,"href":"https:\/\/www.sudoestehoje.com.br\/novoportal\/wp-json\/wp\/v2\/categories?post=97284"},{"taxonomy":"post_tag","embeddable":true,"href":"https:\/\/www.sudoestehoje.com.br\/novoportal\/wp-json\/wp\/v2\/tags?post=97284"}],"curies":[{"name":"wp","href":"https:\/\/api.w.org\/{rel}","templated":true}]}}