
{"id":97282,"date":"2021-09-28T23:25:38","date_gmt":"2021-09-29T02:25:38","guid":{"rendered":"https:\/\/www.sudoestehoje.com.br\/novoportal\/?p=97282"},"modified":"2021-09-28T23:25:38","modified_gmt":"2021-09-29T02:25:38","slug":"reforma-eleitoral-e-promulgada-pelo-congresso-veja-o-que-muda","status":"publish","type":"post","link":"https:\/\/www.sudoestehoje.com.br\/novoportal\/2021\/09\/28\/reforma-eleitoral-e-promulgada-pelo-congresso-veja-o-que-muda\/","title":{"rendered":"REFORMA ELEITORAL \u00c9 PROMULGADA PELO CONGRESSO; VEJA O QUE MUDA"},"content":{"rendered":"<p><a href=\"https:\/\/www.sudoestehoje.com.br\/novoportal\/wp-content\/uploads\/2021\/09\/PEC-ELEITORAL.jpg\"><img loading=\"lazy\" decoding=\"async\" class=\"aligncenter  wp-image-97273\" src=\"https:\/\/www.sudoestehoje.com.br\/novoportal\/wp-content\/uploads\/2021\/09\/PEC-ELEITORAL.jpg\" alt=\"\" width=\"501\" height=\"308\" \/><\/a><\/p>\n<p>O Congresso Nacional promulga nesta ter\u00e7a-feira (28) a Emenda Constitucional (EC) 11\/21, que acrescenta dispositivo ao Ato das Disposi\u00e7\u00f5es Constitucionais Transit\u00f3rias e altera a Constitui\u00e7\u00e3o Federal, para fins de reforma pol\u00edtico-eleitoral. A sess\u00e3o conjunta est\u00e1 marcada para as 15h30.<\/p>\n<p>Entre as altera\u00e7\u00f5es que j\u00e1 v\u00e3o valer para as pr\u00f3ximas elei\u00e7\u00f5es est\u00e3o a contagem em dobro de votos dados a mulheres e pessoas negras para a C\u00e2mara dos Deputados nas elei\u00e7\u00f5es de 2022 a 2030, para fins de distribui\u00e7\u00e3o, entre os partidos pol\u00edticos, dos recursos do Fundo Eleitoral.<\/p>\n<p>Ficou mantida a perda do mandato dos deputados (federais, estaduais ou distritais) e vereadores que se desfiliarem do partido pelo qual foram eleitos, mas foi criada uma exce\u00e7\u00e3o para a manuten\u00e7\u00e3o do mandato: quando o partido concordar com a filia\u00e7\u00e3o.<\/p>\n<p>Al\u00e9m disso, a\u00a0partir das elei\u00e7\u00f5es de 2026, a posse do presidente da Rep\u00fablica ser\u00e1 em 5 de janeiro, e a posse dos governadores ser\u00e1 no dia 6. Atualmente, ambas s\u00e3o no dia 1\u00ba de janeiro.<\/p>\n","protected":false},"excerpt":{"rendered":"<p>O Congresso Nacional promulga nesta ter\u00e7a-feira (28) a Emenda Constitucional (EC) 11\/21, que acrescenta dispositivo ao Ato das Disposi\u00e7\u00f5es Constitucionais Transit\u00f3rias e altera a Constitui\u00e7\u00e3o Federal, para fins de reforma pol\u00edtico-eleitoral. A sess\u00e3o conjunta est\u00e1 marcada para as 15h30. Entre as altera\u00e7\u00f5es que j\u00e1 v\u00e3o valer para as pr\u00f3ximas elei\u00e7\u00f5es est\u00e3o a contagem em dobro [&hellip;]<\/p>\n","protected":false},"author":2,"featured_media":97273,"comment_status":"open","ping_status":"open","sticky":false,"template":"","format":"standard","meta":{"footnotes":"","_links_to":"","_links_to_target":""},"categories":[1],"tags":[],"class_list":["post-97282","post","type-post","status-publish","format-standard","has-post-thumbnail","hentry","category-geral"],"views":806,"_links":{"self":[{"href":"https:\/\/www.sudoestehoje.com.br\/novoportal\/wp-json\/wp\/v2\/posts\/97282","targetHints":{"allow":["GET"]}}],"collection":[{"href":"https:\/\/www.sudoestehoje.com.br\/novoportal\/wp-json\/wp\/v2\/posts"}],"about":[{"href":"https:\/\/www.sudoestehoje.com.br\/novoportal\/wp-json\/wp\/v2\/types\/post"}],"author":[{"embeddable":true,"href":"https:\/\/www.sudoestehoje.com.br\/novoportal\/wp-json\/wp\/v2\/users\/2"}],"replies":[{"embeddable":true,"href":"https:\/\/www.sudoestehoje.com.br\/novoportal\/wp-json\/wp\/v2\/comments?post=97282"}],"version-history":[{"count":1,"href":"https:\/\/www.sudoestehoje.com.br\/novoportal\/wp-json\/wp\/v2\/posts\/97282\/revisions"}],"predecessor-version":[{"id":97283,"href":"https:\/\/www.sudoestehoje.com.br\/novoportal\/wp-json\/wp\/v2\/posts\/97282\/revisions\/97283"}],"wp:featuredmedia":[{"embeddable":true,"href":"https:\/\/www.sudoestehoje.com.br\/novoportal\/wp-json\/wp\/v2\/media\/97273"}],"wp:attachment":[{"href":"https:\/\/www.sudoestehoje.com.br\/novoportal\/wp-json\/wp\/v2\/media?parent=97282"}],"wp:term":[{"taxonomy":"category","embeddable":true,"href":"https:\/\/www.sudoestehoje.com.br\/novoportal\/wp-json\/wp\/v2\/categories?post=97282"},{"taxonomy":"post_tag","embeddable":true,"href":"https:\/\/www.sudoestehoje.com.br\/novoportal\/wp-json\/wp\/v2\/tags?post=97282"}],"curies":[{"name":"wp","href":"https:\/\/api.w.org\/{rel}","templated":true}]}}