
{"id":97265,"date":"2021-09-28T22:00:57","date_gmt":"2021-09-29T01:00:57","guid":{"rendered":"https:\/\/www.sudoestehoje.com.br\/novoportal\/?p=97265"},"modified":"2021-09-28T22:03:49","modified_gmt":"2021-09-29T01:03:49","slug":"vereador-helder-de-bandeira-se-reune-com-secretario-para-definir-obras-no-distrito","status":"publish","type":"post","link":"https:\/\/www.sudoestehoje.com.br\/novoportal\/2021\/09\/28\/vereador-helder-de-bandeira-se-reune-com-secretario-para-definir-obras-no-distrito\/","title":{"rendered":"VEREADOR HELDER DE BANDEIRA SE RE\u00daNE COM SECRET\u00c1RIOS PARA DEFINIR OBRAS NO DISTRITO"},"content":{"rendered":"<p><a href=\"https:\/\/www.sudoestehoje.com.br\/novoportal\/wp-content\/uploads\/2021\/09\/HELDER-E-GUSTAVO.jpeg\"><img loading=\"lazy\" decoding=\"async\" class=\"aligncenter size-medium wp-image-97266\" src=\"https:\/\/www.sudoestehoje.com.br\/novoportal\/wp-content\/uploads\/2021\/09\/HELDER-E-GUSTAVO-500x281.jpeg\" alt=\"\" width=\"500\" height=\"281\" srcset=\"https:\/\/www.sudoestehoje.com.br\/novoportal\/wp-content\/uploads\/2021\/09\/HELDER-E-GUSTAVO-500x281.jpeg 500w, https:\/\/www.sudoestehoje.com.br\/novoportal\/wp-content\/uploads\/2021\/09\/HELDER-E-GUSTAVO-700x394.jpeg 700w, https:\/\/www.sudoestehoje.com.br\/novoportal\/wp-content\/uploads\/2021\/09\/HELDER-E-GUSTAVO-768x432.jpeg 768w, https:\/\/www.sudoestehoje.com.br\/novoportal\/wp-content\/uploads\/2021\/09\/HELDER-E-GUSTAVO.jpeg 1280w\" sizes=\"auto, (max-width: 500px) 100vw, 500px\" \/><\/a><\/p>\n<p>Na \u00faltima sexta (24) o vereador de Bandeira do Col\u00f4nia, Helder Ladeia, visitou nas secretarias de Infraestrutura onde conversou com respons\u00e1vel da pasta Gustavo David e na de Transporte conversando com Daniel Moreira desta \u00faltima pasta buscando informa\u00e7\u00f5es sobre o andamento das obras e benfeitorias ao seu distrito.<\/p>\n<p>O vereador questionou a respeito das a\u00e7\u00f5es que precisam ser realizadas no Distrito de Bandeira do Col\u00f4nia, uma vez que conta com v\u00e1rias Indica\u00e7\u00f5es j\u00e1 aprovadas na C\u00e2mara Municipal de Vereadores tais como; Patrolamento e Pavimenta\u00e7\u00e3o de Ruas\/Loteamento, Reforma da Quadra entre outras Preposi\u00e7\u00f5es a serem executadas por estas secretarias. Tanto o Sr. Gustavo quanto o Sr. Daniel se comprometeram que em breve estar\u00e3o \u00e0 disposi\u00e7\u00e3o a atender estas demandas para satisfazer os pedidos do povo daquela localidade.<\/p>\n<p><a href=\"https:\/\/www.sudoestehoje.com.br\/novoportal\/wp-content\/uploads\/2021\/09\/HELDER-E-DANIEL.jpeg\"><img loading=\"lazy\" decoding=\"async\" class=\"aligncenter size-medium wp-image-97267\" src=\"https:\/\/www.sudoestehoje.com.br\/novoportal\/wp-content\/uploads\/2021\/09\/HELDER-E-DANIEL-500x371.jpeg\" alt=\"\" width=\"500\" height=\"371\" srcset=\"https:\/\/www.sudoestehoje.com.br\/novoportal\/wp-content\/uploads\/2021\/09\/HELDER-E-DANIEL-500x371.jpeg 500w, https:\/\/www.sudoestehoje.com.br\/novoportal\/wp-content\/uploads\/2021\/09\/HELDER-E-DANIEL.jpeg 590w\" sizes=\"auto, (max-width: 500px) 100vw, 500px\" \/><\/a><\/p>\n<p>O vereador H\u00e9lder mais uma vez se mostra ativo em prol da sua comunidade e est\u00e1 sempre buscando melhorias para aqueles que deram seu voto de confian\u00e7a, e agradeceu a boa receptividade dos secret\u00e1rios, mostrando estar sempre atento \u00e1s v\u00e1rias demandas: <em>\u201cN\u00e3o paramos de buscar e trabalhar para que o melhor venha para todos deste distrito e acredito que teremos a concretiza\u00e7\u00e3o de nossos pedidos, sim. Estamos dia ap\u00f3s dia com esperan\u00e7as renovadas pra que tudo d\u00ea certo&#8221;<\/em>, disse o vereador.<em> \/\/Ascom<\/em><\/p>\n","protected":false},"excerpt":{"rendered":"<p>Na \u00faltima sexta (24) o vereador de Bandeira do Col\u00f4nia, Helder Ladeia, visitou nas secretarias de Infraestrutura onde conversou com respons\u00e1vel da pasta Gustavo David e na de Transporte conversando com Daniel Moreira desta \u00faltima pasta buscando informa\u00e7\u00f5es sobre o andamento das obras e benfeitorias ao seu distrito. O vereador questionou a respeito das a\u00e7\u00f5es [&hellip;]<\/p>\n","protected":false},"author":2,"featured_media":97266,"comment_status":"open","ping_status":"open","sticky":false,"template":"","format":"standard","meta":{"footnotes":"","_links_to":"","_links_to_target":""},"categories":[1],"tags":[],"class_list":["post-97265","post","type-post","status-publish","format-standard","has-post-thumbnail","hentry","category-geral"],"views":878,"_links":{"self":[{"href":"https:\/\/www.sudoestehoje.com.br\/novoportal\/wp-json\/wp\/v2\/posts\/97265","targetHints":{"allow":["GET"]}}],"collection":[{"href":"https:\/\/www.sudoestehoje.com.br\/novoportal\/wp-json\/wp\/v2\/posts"}],"about":[{"href":"https:\/\/www.sudoestehoje.com.br\/novoportal\/wp-json\/wp\/v2\/types\/post"}],"author":[{"embeddable":true,"href":"https:\/\/www.sudoestehoje.com.br\/novoportal\/wp-json\/wp\/v2\/users\/2"}],"replies":[{"embeddable":true,"href":"https:\/\/www.sudoestehoje.com.br\/novoportal\/wp-json\/wp\/v2\/comments?post=97265"}],"version-history":[{"count":4,"href":"https:\/\/www.sudoestehoje.com.br\/novoportal\/wp-json\/wp\/v2\/posts\/97265\/revisions"}],"predecessor-version":[{"id":97271,"href":"https:\/\/www.sudoestehoje.com.br\/novoportal\/wp-json\/wp\/v2\/posts\/97265\/revisions\/97271"}],"wp:featuredmedia":[{"embeddable":true,"href":"https:\/\/www.sudoestehoje.com.br\/novoportal\/wp-json\/wp\/v2\/media\/97266"}],"wp:attachment":[{"href":"https:\/\/www.sudoestehoje.com.br\/novoportal\/wp-json\/wp\/v2\/media?parent=97265"}],"wp:term":[{"taxonomy":"category","embeddable":true,"href":"https:\/\/www.sudoestehoje.com.br\/novoportal\/wp-json\/wp\/v2\/categories?post=97265"},{"taxonomy":"post_tag","embeddable":true,"href":"https:\/\/www.sudoestehoje.com.br\/novoportal\/wp-json\/wp\/v2\/tags?post=97265"}],"curies":[{"name":"wp","href":"https:\/\/api.w.org\/{rel}","templated":true}]}}