
{"id":97257,"date":"2021-09-27T17:08:44","date_gmt":"2021-09-27T20:08:44","guid":{"rendered":"https:\/\/www.sudoestehoje.com.br\/novoportal\/?p=97257"},"modified":"2021-09-27T17:08:44","modified_gmt":"2021-09-27T20:08:44","slug":"rui-costa-diz-que-nao-vai-reduzir-icms-dos-combustiveis-nao-sou-demagogo","status":"publish","type":"post","link":"https:\/\/www.sudoestehoje.com.br\/novoportal\/2021\/09\/27\/rui-costa-diz-que-nao-vai-reduzir-icms-dos-combustiveis-nao-sou-demagogo\/","title":{"rendered":"RUI COSTA DIZ QUE N\u00c3O VAI REDUZIR ICMS DOS COMBUST\u00cdVEIS: &#8220;N\u00c3O SOU DEMAGOGO&#8221;"},"content":{"rendered":"<p><a href=\"https:\/\/www.sudoestehoje.com.br\/novoportal\/wp-content\/uploads\/2021\/09\/csm_rui_e72d087b5f.jpg\"><img loading=\"lazy\" decoding=\"async\" class=\"aligncenter size-medium wp-image-97259\" src=\"https:\/\/www.sudoestehoje.com.br\/novoportal\/wp-content\/uploads\/2021\/09\/csm_rui_e72d087b5f-500x311.jpg\" alt=\"\" width=\"500\" height=\"311\" srcset=\"https:\/\/www.sudoestehoje.com.br\/novoportal\/wp-content\/uploads\/2021\/09\/csm_rui_e72d087b5f-500x311.jpg 500w, https:\/\/www.sudoestehoje.com.br\/novoportal\/wp-content\/uploads\/2021\/09\/csm_rui_e72d087b5f-700x436.jpg 700w, https:\/\/www.sudoestehoje.com.br\/novoportal\/wp-content\/uploads\/2021\/09\/csm_rui_e72d087b5f-768x478.jpg 768w, https:\/\/www.sudoestehoje.com.br\/novoportal\/wp-content\/uploads\/2021\/09\/csm_rui_e72d087b5f.jpg 940w\" sizes=\"auto, (max-width: 500px) 100vw, 500px\" \/><\/a><\/p>\n<p>O governador Rui Costa (PT) voltou a se pronunciar sobre a<strong><a href=\"https:\/\/www.bnews.com.br\/noticias\/politica\/323213,eduardo-leite-reduz-icms-da-gasolina-e-provoca-irritacao-em-outros-estados.html\" target=\"_blank\" rel=\"noopener noreferrer\">\u00a0redu\u00e7\u00e3o do ICMS<\/a><\/strong>\u00a0dos combust\u00edveis, que aconteceu no Rio Grande do Sul ap\u00f3s autoriza\u00e7\u00e3o do governador Eduardo Leite, poss\u00edvel candidato a presidente da Rep\u00fablica pelo PSDB. Ap\u00f3s o fato, deputados estaduais e federais de oposi\u00e7\u00e3o come\u00e7aram a\u00a0<strong><a href=\"https:\/\/www.bnews.com.br\/noticias\/politica\/323303,apos-eduardo-leite-reduzir-icms-da-gasolina-no-rs-adolfo-viana-sugere-que-rui-faca-o-mesmo-na-bahia.html\" target=\"_blank\" rel=\"noopener noreferrer\">cobrar\u00a0<\/a><\/strong>o mesmo posicionamento na Bahia.<\/p>\n<p>&#8220;Eu n\u00e3o sou dado a demagogia. N\u00e3o contem comigo pra fazer isso. Temos 30 mil homens na Pol\u00edcia Militar, temos cinco ou seis mil homens na Pol\u00edcia Civil, temos m\u00e9dicos, enfermeiros, estamos construindo hospitais. Essas pessoas recebem sal\u00e1rios todos os dias e querem receber em dia. A sociedade pede e eu acabei de anunciar mais policiais, e eles merecem ganhar mais. Como que voc\u00ea vai fazer isso tudo se diminuir abruptamente e demagogicamente a receita? A conta n\u00e3o fecha&#8221;, declarou o petista em entrevista ao BNews.<\/p>\n<p>Rui aproveitou a oportunidade para alfinetar o colega\u00a0<strong><a href=\"https:\/\/www.bnews.com.br\/noticias\/politica\/eleicoes\/314754,eduardo-leite-crava-que-quer-acm-neto-como-cabo-eleitoral-em-2022.html\" target=\"_blank\" rel=\"noopener noreferrer\">Eduardo Leite<\/a><\/strong>: &#8220;O Rio Grande do Sul era um estado que h\u00e1 meses atr\u00e1s estava com sal\u00e1rios atrasados, nem 13\u00ba tinha pago. Minas s\u00f3 conseguiu regularizar sal\u00e1rio h\u00e1 dois meses. Eu vou ser candidato a A, B ou C e eu come\u00e7o a tomar medidas demag\u00f3gicas pra agradar? Desculpe, eu n\u00e3o fa\u00e7o isso&#8221;.<\/p>\n<p>O governador tamb\u00e9m criticou a pol\u00edtica de pre\u00e7os da\u00a0<strong><a href=\"https:\/\/www.bnews.com.br\/noticias\/economia\/economia-e-mercado\/322288,petrobras-muda-modelos-de-contrato-para-venda-de-combustiveis.html\" target=\"_blank\" rel=\"noopener noreferrer\">Petrobras<\/a><\/strong>. &#8220;Do mesmo jeito que n\u00e3o aumentamos um real no tributo, n\u00e3o faremos demagogia de reduzir. O pre\u00e7o do combust\u00edvel est\u00e1 alto pela pol\u00edtica desastrosa do governo federal. Ningu\u00e9m mais, ningu\u00e9m menos do que o presidente do Banco Central do Brasil declarou que n\u00e3o compreende essa velocidade com que a Petrobras faz os reajustes quando \u00e9 pra subir, mas n\u00e3o repete a mesma velocidade quando \u00e9 pra descer&#8221;.<\/p>\n","protected":false},"excerpt":{"rendered":"<p>O governador Rui Costa (PT) voltou a se pronunciar sobre a\u00a0redu\u00e7\u00e3o do ICMS\u00a0dos combust\u00edveis, que aconteceu no Rio Grande do Sul ap\u00f3s autoriza\u00e7\u00e3o do governador Eduardo Leite, poss\u00edvel candidato a presidente da Rep\u00fablica pelo PSDB. Ap\u00f3s o fato, deputados estaduais e federais de oposi\u00e7\u00e3o come\u00e7aram a\u00a0cobrar\u00a0o mesmo posicionamento na Bahia. &#8220;Eu n\u00e3o sou dado a [&hellip;]<\/p>\n","protected":false},"author":2,"featured_media":97259,"comment_status":"open","ping_status":"open","sticky":false,"template":"","format":"standard","meta":{"footnotes":"","_links_to":"","_links_to_target":""},"categories":[1],"tags":[],"class_list":["post-97257","post","type-post","status-publish","format-standard","has-post-thumbnail","hentry","category-geral"],"views":965,"_links":{"self":[{"href":"https:\/\/www.sudoestehoje.com.br\/novoportal\/wp-json\/wp\/v2\/posts\/97257","targetHints":{"allow":["GET"]}}],"collection":[{"href":"https:\/\/www.sudoestehoje.com.br\/novoportal\/wp-json\/wp\/v2\/posts"}],"about":[{"href":"https:\/\/www.sudoestehoje.com.br\/novoportal\/wp-json\/wp\/v2\/types\/post"}],"author":[{"embeddable":true,"href":"https:\/\/www.sudoestehoje.com.br\/novoportal\/wp-json\/wp\/v2\/users\/2"}],"replies":[{"embeddable":true,"href":"https:\/\/www.sudoestehoje.com.br\/novoportal\/wp-json\/wp\/v2\/comments?post=97257"}],"version-history":[{"count":2,"href":"https:\/\/www.sudoestehoje.com.br\/novoportal\/wp-json\/wp\/v2\/posts\/97257\/revisions"}],"predecessor-version":[{"id":97260,"href":"https:\/\/www.sudoestehoje.com.br\/novoportal\/wp-json\/wp\/v2\/posts\/97257\/revisions\/97260"}],"wp:featuredmedia":[{"embeddable":true,"href":"https:\/\/www.sudoestehoje.com.br\/novoportal\/wp-json\/wp\/v2\/media\/97259"}],"wp:attachment":[{"href":"https:\/\/www.sudoestehoje.com.br\/novoportal\/wp-json\/wp\/v2\/media?parent=97257"}],"wp:term":[{"taxonomy":"category","embeddable":true,"href":"https:\/\/www.sudoestehoje.com.br\/novoportal\/wp-json\/wp\/v2\/categories?post=97257"},{"taxonomy":"post_tag","embeddable":true,"href":"https:\/\/www.sudoestehoje.com.br\/novoportal\/wp-json\/wp\/v2\/tags?post=97257"}],"curies":[{"name":"wp","href":"https:\/\/api.w.org\/{rel}","templated":true}]}}