
{"id":97254,"date":"2021-09-27T16:54:13","date_gmt":"2021-09-27T19:54:13","guid":{"rendered":"https:\/\/www.sudoestehoje.com.br\/novoportal\/?p=97254"},"modified":"2021-09-27T16:54:13","modified_gmt":"2021-09-27T19:54:13","slug":"fusao-dem-psl-acm-neto-diz-que-apoio-a-bolsonaro-sera-livre-nos-estados","status":"publish","type":"post","link":"https:\/\/www.sudoestehoje.com.br\/novoportal\/2021\/09\/27\/fusao-dem-psl-acm-neto-diz-que-apoio-a-bolsonaro-sera-livre-nos-estados\/","title":{"rendered":"FUS\u00c3O DEM &#8211; PSL: ACM NETO DIZ QUE APOIO A BOLSONARO SER\u00c1 LIVRE NOS ESTADOS"},"content":{"rendered":"<p><a href=\"https:\/\/www.sudoestehoje.com.br\/novoportal\/wp-content\/uploads\/2021\/09\/csm_acm_neto_e_bolsonaro_74f4986d8f.jpg\"><img loading=\"lazy\" decoding=\"async\" class=\"aligncenter size-medium wp-image-97255\" src=\"https:\/\/www.sudoestehoje.com.br\/novoportal\/wp-content\/uploads\/2021\/09\/csm_acm_neto_e_bolsonaro_74f4986d8f-500x311.jpg\" alt=\"\" width=\"500\" height=\"311\" srcset=\"https:\/\/www.sudoestehoje.com.br\/novoportal\/wp-content\/uploads\/2021\/09\/csm_acm_neto_e_bolsonaro_74f4986d8f-500x311.jpg 500w, https:\/\/www.sudoestehoje.com.br\/novoportal\/wp-content\/uploads\/2021\/09\/csm_acm_neto_e_bolsonaro_74f4986d8f-700x435.jpg 700w, https:\/\/www.sudoestehoje.com.br\/novoportal\/wp-content\/uploads\/2021\/09\/csm_acm_neto_e_bolsonaro_74f4986d8f.jpg 730w\" sizes=\"auto, (max-width: 500px) 100vw, 500px\" \/><\/a><\/p>\n<p>O presidente nacional do DEM, ACM Neto, afirmou que um dos objetivos da fus\u00e3o com o PSL \u00e9 lan\u00e7ar candidatura \u00e0 presid\u00eancia da Rep\u00fablica, mas ressaltou que, apesar disso, os diret\u00f3rios municipais e regionais do novo partido ficar\u00e3o livres para apoiar outros candidatos.<\/p>\n<p>\u201cA gente acha que nasce com musculatura suficiente para isso. (\u2026) N\u00e3o significa que a gente pretenda estabelecer qualquer tipo de constrangimento para as lideran\u00e7as e figuras do partido que eventualmente em seus estados tenham uma situa\u00e7\u00e3o distinta da nacional\u201d, disse em entrevista ao Estad\u00e3o, publicada nesta segunda-feira (27).<\/p>\n<p>Atualmente, o DEM n\u00e3o integra a base aliada, mas tem dois ministros no governo do presidente Jair Bolsonaro (sem partido), Onyx Lorenzoni e Tereza Cristina, e maioria das bancadas na C\u00e2mara e no Senado alinhada ao Pal\u00e1cio do Planalto.<\/p>\n<p>Ainda segundo o ex-prefeito de Salvador, at\u00e9 o pr\u00f3ximo dia 19 de outubro, o novo partido, que ser\u00e1 presidido pelo atual dirigente do PSL, Luciano Bivar, e ter\u00e1 Neto como secret\u00e1rio-executivo, dever\u00e1 concretizar a uni\u00e3o e realizar a sua primeira conven\u00e7\u00e3o partid\u00e1ria.<\/p>\n","protected":false},"excerpt":{"rendered":"<p>O presidente nacional do DEM, ACM Neto, afirmou que um dos objetivos da fus\u00e3o com o PSL \u00e9 lan\u00e7ar candidatura \u00e0 presid\u00eancia da Rep\u00fablica, mas ressaltou que, apesar disso, os diret\u00f3rios municipais e regionais do novo partido ficar\u00e3o livres para apoiar outros candidatos. \u201cA gente acha que nasce com musculatura suficiente para isso. (\u2026) N\u00e3o [&hellip;]<\/p>\n","protected":false},"author":2,"featured_media":97255,"comment_status":"open","ping_status":"open","sticky":false,"template":"","format":"standard","meta":{"footnotes":"","_links_to":"","_links_to_target":""},"categories":[1],"tags":[],"class_list":["post-97254","post","type-post","status-publish","format-standard","has-post-thumbnail","hentry","category-geral"],"views":799,"_links":{"self":[{"href":"https:\/\/www.sudoestehoje.com.br\/novoportal\/wp-json\/wp\/v2\/posts\/97254","targetHints":{"allow":["GET"]}}],"collection":[{"href":"https:\/\/www.sudoestehoje.com.br\/novoportal\/wp-json\/wp\/v2\/posts"}],"about":[{"href":"https:\/\/www.sudoestehoje.com.br\/novoportal\/wp-json\/wp\/v2\/types\/post"}],"author":[{"embeddable":true,"href":"https:\/\/www.sudoestehoje.com.br\/novoportal\/wp-json\/wp\/v2\/users\/2"}],"replies":[{"embeddable":true,"href":"https:\/\/www.sudoestehoje.com.br\/novoportal\/wp-json\/wp\/v2\/comments?post=97254"}],"version-history":[{"count":1,"href":"https:\/\/www.sudoestehoje.com.br\/novoportal\/wp-json\/wp\/v2\/posts\/97254\/revisions"}],"predecessor-version":[{"id":97256,"href":"https:\/\/www.sudoestehoje.com.br\/novoportal\/wp-json\/wp\/v2\/posts\/97254\/revisions\/97256"}],"wp:featuredmedia":[{"embeddable":true,"href":"https:\/\/www.sudoestehoje.com.br\/novoportal\/wp-json\/wp\/v2\/media\/97255"}],"wp:attachment":[{"href":"https:\/\/www.sudoestehoje.com.br\/novoportal\/wp-json\/wp\/v2\/media?parent=97254"}],"wp:term":[{"taxonomy":"category","embeddable":true,"href":"https:\/\/www.sudoestehoje.com.br\/novoportal\/wp-json\/wp\/v2\/categories?post=97254"},{"taxonomy":"post_tag","embeddable":true,"href":"https:\/\/www.sudoestehoje.com.br\/novoportal\/wp-json\/wp\/v2\/tags?post=97254"}],"curies":[{"name":"wp","href":"https:\/\/api.w.org\/{rel}","templated":true}]}}