
{"id":97248,"date":"2021-09-27T11:43:31","date_gmt":"2021-09-27T14:43:31","guid":{"rendered":"https:\/\/www.sudoestehoje.com.br\/novoportal\/?p=97248"},"modified":"2021-09-27T11:43:31","modified_gmt":"2021-09-27T14:43:31","slug":"itapetinga-seguem-os-preparativos-para-implantacao-da-primeira-escola-no-modelo-civico-militar","status":"publish","type":"post","link":"https:\/\/www.sudoestehoje.com.br\/novoportal\/2021\/09\/27\/itapetinga-seguem-os-preparativos-para-implantacao-da-primeira-escola-no-modelo-civico-militar\/","title":{"rendered":"ITAPETINGA: SEGUEM OS PREPARATIVOS PARA IMPLANTA\u00c7\u00c3O DA PRIMEIRA ESCOLA NO MODELO C\u00cdVICO-MILITAR"},"content":{"rendered":"<p><a href=\"https:\/\/www.sudoestehoje.com.br\/novoportal\/wp-content\/uploads\/2021\/09\/ESCOLA-MILITAR-1.jpeg\"><img loading=\"lazy\" decoding=\"async\" class=\"aligncenter size-medium wp-image-97250\" src=\"https:\/\/www.sudoestehoje.com.br\/novoportal\/wp-content\/uploads\/2021\/09\/ESCOLA-MILITAR-1-500x275.jpeg\" alt=\"\" width=\"500\" height=\"275\" srcset=\"https:\/\/www.sudoestehoje.com.br\/novoportal\/wp-content\/uploads\/2021\/09\/ESCOLA-MILITAR-1-500x275.jpeg 500w, https:\/\/www.sudoestehoje.com.br\/novoportal\/wp-content\/uploads\/2021\/09\/ESCOLA-MILITAR-1-700x385.jpeg 700w, https:\/\/www.sudoestehoje.com.br\/novoportal\/wp-content\/uploads\/2021\/09\/ESCOLA-MILITAR-1-768x422.jpeg 768w, https:\/\/www.sudoestehoje.com.br\/novoportal\/wp-content\/uploads\/2021\/09\/ESCOLA-MILITAR-1.jpeg 1280w\" sizes=\"auto, (max-width: 500px) 100vw, 500px\" \/><\/a><br \/>\nEm continuidade aos preparativos para instala\u00e7\u00e3o da sonhada escola c\u00edvico-militar de Itapetinga, ocorreu na sexta-feira passada mais uma reuni\u00e3o de trabalho contando com as presen\u00e7as do Secret\u00e1rio de Educa\u00e7\u00e3o Geraldo Trindade, dos representantes da 8\u00aa CIPM Capit\u00e3o PM David Ribeiro, Tenente PM Joabe e Soldado PM Horleands. Tamb\u00e9m participaram o engenheiro da Secretaria Municipal de Infraestrutura Lucas de Souza e a equipe gestora\/pedag\u00f3gica da Escola Municipal Ot\u00e1vio Cam\u00f5es escolhida para inaugurar o modelo de gest\u00e3o compartilhada na Rede Municipal de Educa\u00e7\u00e3o de Itapetinga.<\/p>\n<p>Segundo Geraldo Trindade a reuni\u00e3o definiu as mudan\u00e7as e melhorias que ser\u00e3o feitas na estrutura f\u00edsica da escola, que passar\u00e1 por reforma completa j\u00e1 atendendo \u00e0s necessidades e a identidade visual da escola c\u00edvico-militar.\u00a0No momento est\u00e3o sendo conclu\u00eddas os projetos arquitet\u00f4nicos e planilhas pela equipe da Secretaria de Infraestrutura.<\/p>\n<p><a href=\"https:\/\/www.sudoestehoje.com.br\/novoportal\/wp-content\/uploads\/2021\/09\/ESCOLA-MILITAR-2.jpeg\"><img loading=\"lazy\" decoding=\"async\" class=\"aligncenter size-medium wp-image-97251\" src=\"https:\/\/www.sudoestehoje.com.br\/novoportal\/wp-content\/uploads\/2021\/09\/ESCOLA-MILITAR-2-500x369.jpeg\" alt=\"\" width=\"500\" height=\"369\" srcset=\"https:\/\/www.sudoestehoje.com.br\/novoportal\/wp-content\/uploads\/2021\/09\/ESCOLA-MILITAR-2-500x369.jpeg 500w, https:\/\/www.sudoestehoje.com.br\/novoportal\/wp-content\/uploads\/2021\/09\/ESCOLA-MILITAR-2-700x517.jpeg 700w, https:\/\/www.sudoestehoje.com.br\/novoportal\/wp-content\/uploads\/2021\/09\/ESCOLA-MILITAR-2-768x567.jpeg 768w, https:\/\/www.sudoestehoje.com.br\/novoportal\/wp-content\/uploads\/2021\/09\/ESCOLA-MILITAR-2.jpeg 1280w\" sizes=\"auto, (max-width: 500px) 100vw, 500px\" \/><\/a><\/p>\n<p>O Capit\u00e3o PM Davi Ribeiro esclareceu que o projeto n\u00e3o pretende realizar mudan\u00e7as nos aspectos pedag\u00f3gicos da escola, \u00e0 exce\u00e7\u00e3o da implanta\u00e7\u00e3o da instru\u00e7\u00e3o militar, hierarquia e disciplina com seus sistemas avaliativos e ritos procedimentais pr\u00f3prios. A gest\u00e3o atual da escola permanecer\u00e1 inalterada com exce\u00e7\u00e3o da inser\u00e7\u00e3o do Diretor Disciplinar e dos Tutores de Disciplina, com suas atribui\u00e7\u00f5es iniciais descritas no Termo de Coopera\u00e7\u00e3o T\u00e9cnica que ser\u00e1 assinado entre o Munic\u00edpio de Itapetinga e o Governo do Estado, atrav\u00e9s da PMBA.<\/p>\n<p>O processo de discuss\u00e3o, contribui\u00e7\u00e3o e normatiza\u00e7\u00e3o por parte do Conselho Municipal de Educa\u00e7\u00e3o e esclarecimento, sensibiliza\u00e7\u00e3o de alunos, seus familiares e os profissionais da educa\u00e7\u00e3o ter\u00e1 in\u00edcio nos pr\u00f3ximos dias pela equipe da Secretaria Municipal de Educa\u00e7\u00e3o.<\/p>\n<p><a href=\"https:\/\/www.sudoestehoje.com.br\/novoportal\/wp-content\/uploads\/2021\/09\/ESCOLA-MILITAR-3.jpeg\"><img loading=\"lazy\" decoding=\"async\" class=\"aligncenter size-medium wp-image-97252\" src=\"https:\/\/www.sudoestehoje.com.br\/novoportal\/wp-content\/uploads\/2021\/09\/ESCOLA-MILITAR-3-500x267.jpeg\" alt=\"\" width=\"500\" height=\"267\" srcset=\"https:\/\/www.sudoestehoje.com.br\/novoportal\/wp-content\/uploads\/2021\/09\/ESCOLA-MILITAR-3-500x267.jpeg 500w, https:\/\/www.sudoestehoje.com.br\/novoportal\/wp-content\/uploads\/2021\/09\/ESCOLA-MILITAR-3-700x374.jpeg 700w, https:\/\/www.sudoestehoje.com.br\/novoportal\/wp-content\/uploads\/2021\/09\/ESCOLA-MILITAR-3-768x410.jpeg 768w, https:\/\/www.sudoestehoje.com.br\/novoportal\/wp-content\/uploads\/2021\/09\/ESCOLA-MILITAR-3.jpeg 1280w\" sizes=\"auto, (max-width: 500px) 100vw, 500px\" \/><\/a><\/p>\n<p>Para o Prefeito Rodrigo Hagge este ser\u00e1 mais um importante avan\u00e7o da educa\u00e7\u00e3o municipal, acolhendo a vontade da comunidade que anseia pela implanta\u00e7\u00e3o do modelo de sucesso em outros munic\u00edpios da Bahia com a melhoria da qualidade do ensino e da valoriza\u00e7\u00e3o do profissional de educa\u00e7\u00e3o, culminando em um ambiente escolar melhor equipado, disciplinado, ordeiro e de resultados comprovados.<\/p>\n","protected":false},"excerpt":{"rendered":"<p>Em continuidade aos preparativos para instala\u00e7\u00e3o da sonhada escola c\u00edvico-militar de Itapetinga, ocorreu na sexta-feira passada mais uma reuni\u00e3o de trabalho contando com as presen\u00e7as do Secret\u00e1rio de Educa\u00e7\u00e3o Geraldo Trindade, dos representantes da 8\u00aa CIPM Capit\u00e3o PM David Ribeiro, Tenente PM Joabe e Soldado PM Horleands. Tamb\u00e9m participaram o engenheiro da Secretaria Municipal de [&hellip;]<\/p>\n","protected":false},"author":2,"featured_media":97250,"comment_status":"open","ping_status":"open","sticky":false,"template":"","format":"standard","meta":{"footnotes":"","_links_to":"","_links_to_target":""},"categories":[1],"tags":[],"class_list":["post-97248","post","type-post","status-publish","format-standard","has-post-thumbnail","hentry","category-geral"],"views":2445,"_links":{"self":[{"href":"https:\/\/www.sudoestehoje.com.br\/novoportal\/wp-json\/wp\/v2\/posts\/97248","targetHints":{"allow":["GET"]}}],"collection":[{"href":"https:\/\/www.sudoestehoje.com.br\/novoportal\/wp-json\/wp\/v2\/posts"}],"about":[{"href":"https:\/\/www.sudoestehoje.com.br\/novoportal\/wp-json\/wp\/v2\/types\/post"}],"author":[{"embeddable":true,"href":"https:\/\/www.sudoestehoje.com.br\/novoportal\/wp-json\/wp\/v2\/users\/2"}],"replies":[{"embeddable":true,"href":"https:\/\/www.sudoestehoje.com.br\/novoportal\/wp-json\/wp\/v2\/comments?post=97248"}],"version-history":[{"count":2,"href":"https:\/\/www.sudoestehoje.com.br\/novoportal\/wp-json\/wp\/v2\/posts\/97248\/revisions"}],"predecessor-version":[{"id":97253,"href":"https:\/\/www.sudoestehoje.com.br\/novoportal\/wp-json\/wp\/v2\/posts\/97248\/revisions\/97253"}],"wp:featuredmedia":[{"embeddable":true,"href":"https:\/\/www.sudoestehoje.com.br\/novoportal\/wp-json\/wp\/v2\/media\/97250"}],"wp:attachment":[{"href":"https:\/\/www.sudoestehoje.com.br\/novoportal\/wp-json\/wp\/v2\/media?parent=97248"}],"wp:term":[{"taxonomy":"category","embeddable":true,"href":"https:\/\/www.sudoestehoje.com.br\/novoportal\/wp-json\/wp\/v2\/categories?post=97248"},{"taxonomy":"post_tag","embeddable":true,"href":"https:\/\/www.sudoestehoje.com.br\/novoportal\/wp-json\/wp\/v2\/tags?post=97248"}],"curies":[{"name":"wp","href":"https:\/\/api.w.org\/{rel}","templated":true}]}}