
{"id":97240,"date":"2021-09-26T21:00:25","date_gmt":"2021-09-27T00:00:25","guid":{"rendered":"https:\/\/www.sudoestehoje.com.br\/novoportal\/?p=97240"},"modified":"2021-09-26T21:00:25","modified_gmt":"2021-09-27T00:00:25","slug":"bolsonaro-vai-comemorar-mil-dias-de-governo-em-teixeira-de-freitas","status":"publish","type":"post","link":"https:\/\/www.sudoestehoje.com.br\/novoportal\/2021\/09\/26\/bolsonaro-vai-comemorar-mil-dias-de-governo-em-teixeira-de-freitas\/","title":{"rendered":"BOLSONARO VAI COMEMORAR MIL DIAS DE GOVERNO EM TEIXEIRA DE FREITAS"},"content":{"rendered":"<p><a href=\"https:\/\/www.sudoestehoje.com.br\/novoportal\/wp-content\/uploads\/2021\/09\/bolsonaro_abr.jpg\"><img loading=\"lazy\" decoding=\"async\" class=\"aligncenter size-medium wp-image-97241\" src=\"https:\/\/www.sudoestehoje.com.br\/novoportal\/wp-content\/uploads\/2021\/09\/bolsonaro_abr-500x282.jpg\" alt=\"\" width=\"500\" height=\"282\" srcset=\"https:\/\/www.sudoestehoje.com.br\/novoportal\/wp-content\/uploads\/2021\/09\/bolsonaro_abr-500x282.jpg 500w, https:\/\/www.sudoestehoje.com.br\/novoportal\/wp-content\/uploads\/2021\/09\/bolsonaro_abr-700x394.jpg 700w, https:\/\/www.sudoestehoje.com.br\/novoportal\/wp-content\/uploads\/2021\/09\/bolsonaro_abr-768x432.jpg 768w, https:\/\/www.sudoestehoje.com.br\/novoportal\/wp-content\/uploads\/2021\/09\/bolsonaro_abr.jpg 1000w\" sizes=\"auto, (max-width: 500px) 100vw, 500px\" \/><\/a><\/p>\n<p>Os mil dias de governo dever\u00e3o ser comemorados pelo presidente da Rep\u00fablica, Jair Bolsonaro (sem partido), em evento no extremo-sul do Estado, na pr\u00f3xima ter\u00e7a-feira (28). A ida a Teixeira de Freitas ainda era incerta devido \u00e0 possibilidade de o presidente ter sido contaminado pela covid-19 em viagem aos Estados Unidos. O \u00faltimo teste deu negativo.<\/p>\n<p>Bolsonaro e ministros devem inaugurar a Esta\u00e7\u00e3o Cidadania de Teixeira de Freitas \u00e0s 10h30min, al\u00e9m de entregar 10 quil\u00f4metros de trechos duplicados das BRs 101, que corta o munic\u00edpio, e 116, conforme agenda oficial divulgada pelo Minist\u00e9rio da Cidadania. Haver\u00e1, ainda em Teixeira de Freitas, entrega simb\u00f3lica de t\u00edtulos definitivos de propriedades a fam\u00edlias de produtores rurais do estado.<\/p>\n<p>O extremo-sul do estado foi escolhido para a solenidade, dentre outros motivos, por ter sido regi\u00e3o em que a oposi\u00e7\u00e3o obteve vit\u00f3rias expressivas nas elei\u00e7\u00f5es municipais 2020 na Bahia. Os maiores munic\u00edpios da regi\u00e3o s\u00e3o administrados por opositores ao governo estadual, que \u00e9 administrado pelo petista Rui Costa.<\/p>\n","protected":false},"excerpt":{"rendered":"<p>Os mil dias de governo dever\u00e3o ser comemorados pelo presidente da Rep\u00fablica, Jair Bolsonaro (sem partido), em evento no extremo-sul do Estado, na pr\u00f3xima ter\u00e7a-feira (28). A ida a Teixeira de Freitas ainda era incerta devido \u00e0 possibilidade de o presidente ter sido contaminado pela covid-19 em viagem aos Estados Unidos. O \u00faltimo teste deu [&hellip;]<\/p>\n","protected":false},"author":2,"featured_media":97241,"comment_status":"open","ping_status":"open","sticky":false,"template":"","format":"standard","meta":{"footnotes":"","_links_to":"","_links_to_target":""},"categories":[1],"tags":[],"class_list":["post-97240","post","type-post","status-publish","format-standard","has-post-thumbnail","hentry","category-geral"],"views":920,"_links":{"self":[{"href":"https:\/\/www.sudoestehoje.com.br\/novoportal\/wp-json\/wp\/v2\/posts\/97240","targetHints":{"allow":["GET"]}}],"collection":[{"href":"https:\/\/www.sudoestehoje.com.br\/novoportal\/wp-json\/wp\/v2\/posts"}],"about":[{"href":"https:\/\/www.sudoestehoje.com.br\/novoportal\/wp-json\/wp\/v2\/types\/post"}],"author":[{"embeddable":true,"href":"https:\/\/www.sudoestehoje.com.br\/novoportal\/wp-json\/wp\/v2\/users\/2"}],"replies":[{"embeddable":true,"href":"https:\/\/www.sudoestehoje.com.br\/novoportal\/wp-json\/wp\/v2\/comments?post=97240"}],"version-history":[{"count":1,"href":"https:\/\/www.sudoestehoje.com.br\/novoportal\/wp-json\/wp\/v2\/posts\/97240\/revisions"}],"predecessor-version":[{"id":97242,"href":"https:\/\/www.sudoestehoje.com.br\/novoportal\/wp-json\/wp\/v2\/posts\/97240\/revisions\/97242"}],"wp:featuredmedia":[{"embeddable":true,"href":"https:\/\/www.sudoestehoje.com.br\/novoportal\/wp-json\/wp\/v2\/media\/97241"}],"wp:attachment":[{"href":"https:\/\/www.sudoestehoje.com.br\/novoportal\/wp-json\/wp\/v2\/media?parent=97240"}],"wp:term":[{"taxonomy":"category","embeddable":true,"href":"https:\/\/www.sudoestehoje.com.br\/novoportal\/wp-json\/wp\/v2\/categories?post=97240"},{"taxonomy":"post_tag","embeddable":true,"href":"https:\/\/www.sudoestehoje.com.br\/novoportal\/wp-json\/wp\/v2\/tags?post=97240"}],"curies":[{"name":"wp","href":"https:\/\/api.w.org\/{rel}","templated":true}]}}