
{"id":97234,"date":"2021-09-25T20:30:14","date_gmt":"2021-09-25T23:30:14","guid":{"rendered":"https:\/\/www.sudoestehoje.com.br\/novoportal\/?p=97234"},"modified":"2021-09-25T20:30:14","modified_gmt":"2021-09-25T23:30:14","slug":"bahia-soma-72-casos-da-variante-delta-e-preocupa-nenhum-em-itapetinga","status":"publish","type":"post","link":"https:\/\/www.sudoestehoje.com.br\/novoportal\/2021\/09\/25\/bahia-soma-72-casos-da-variante-delta-e-preocupa-nenhum-em-itapetinga\/","title":{"rendered":"BAHIA SOMA 72 CASOS DA VARIANTE DELTA E PREOCUPA; NENHUM EM ITAPETINGA"},"content":{"rendered":"<p><a href=\"https:\/\/www.sudoestehoje.com.br\/novoportal\/wp-content\/uploads\/2021\/09\/Variante-Delta.jpg\"><img loading=\"lazy\" decoding=\"async\" class=\"aligncenter size-medium wp-image-97235\" src=\"https:\/\/www.sudoestehoje.com.br\/novoportal\/wp-content\/uploads\/2021\/09\/Variante-Delta-500x286.jpg\" alt=\"\" width=\"500\" height=\"286\" srcset=\"https:\/\/www.sudoestehoje.com.br\/novoportal\/wp-content\/uploads\/2021\/09\/Variante-Delta-500x286.jpg 500w, https:\/\/www.sudoestehoje.com.br\/novoportal\/wp-content\/uploads\/2021\/09\/Variante-Delta.jpg 700w\" sizes=\"auto, (max-width: 500px) 100vw, 500px\" \/><\/a><\/p>\n<p>O Laborat\u00f3rio Central de Sa\u00fade P\u00fablica da Bahia (Lacen-BA) confirmou, neste s\u00e1bado (25), casos da variante Delta entre quatro munic\u00edpios do sul do estado. A detec\u00e7\u00e3o ocorreu por meio de sequenciamento gen\u00e9tico de mais 58 amostras. Com estes novos registros, a Bahia soma 72 casos da variante, com dois \u00f3bitos.<\/p>\n<p>Os novos munic\u00edpios com casos da variante s\u00e3o Canavieiras,<strong> Ilh\u00e9us, Itabuna<\/strong> e Mara\u00fa, Medeiros Neto, Muritiba, Nova F\u00e1tima, P\u00e9 de Serra, Prado, Riach\u00e3o do Jacu\u00edpe, Salvador, S\u00e3o Gon\u00e7alo dos Campos, Sim\u00f5es Filho, Teixeira de Freitas e Vereda.<\/p>\n<p>A lista divulgada hoje traz ainda casos confirmados nos munic\u00edpios de Apor\u00e1, Baixa Grande, Barrocas, Bonito, Brumado, Cama\u00e7ari, C\u00edcero Dantas, Coribe, Entre Rios, Feira de Santana.<\/p>\n<p>Anteriormente, 14 casos com a variante Delta foram notificados Concei\u00e7\u00e3o do Almeida, Feira de Santana, Medeiros Neto, Prado, Salvador, Sapea\u00e7u, Senhor do Bonfim, Vereda, <strong>Vit\u00f3ria da Conquista<\/strong>, al\u00e9m de um tripulante de um navio ancorado em Salvador.<\/p>\n","protected":false},"excerpt":{"rendered":"<p>O Laborat\u00f3rio Central de Sa\u00fade P\u00fablica da Bahia (Lacen-BA) confirmou, neste s\u00e1bado (25), casos da variante Delta entre quatro munic\u00edpios do sul do estado. A detec\u00e7\u00e3o ocorreu por meio de sequenciamento gen\u00e9tico de mais 58 amostras. Com estes novos registros, a Bahia soma 72 casos da variante, com dois \u00f3bitos. Os novos munic\u00edpios com casos [&hellip;]<\/p>\n","protected":false},"author":2,"featured_media":97235,"comment_status":"open","ping_status":"open","sticky":false,"template":"","format":"standard","meta":{"footnotes":"","_links_to":"","_links_to_target":""},"categories":[1],"tags":[],"class_list":["post-97234","post","type-post","status-publish","format-standard","has-post-thumbnail","hentry","category-geral"],"views":947,"_links":{"self":[{"href":"https:\/\/www.sudoestehoje.com.br\/novoportal\/wp-json\/wp\/v2\/posts\/97234","targetHints":{"allow":["GET"]}}],"collection":[{"href":"https:\/\/www.sudoestehoje.com.br\/novoportal\/wp-json\/wp\/v2\/posts"}],"about":[{"href":"https:\/\/www.sudoestehoje.com.br\/novoportal\/wp-json\/wp\/v2\/types\/post"}],"author":[{"embeddable":true,"href":"https:\/\/www.sudoestehoje.com.br\/novoportal\/wp-json\/wp\/v2\/users\/2"}],"replies":[{"embeddable":true,"href":"https:\/\/www.sudoestehoje.com.br\/novoportal\/wp-json\/wp\/v2\/comments?post=97234"}],"version-history":[{"count":3,"href":"https:\/\/www.sudoestehoje.com.br\/novoportal\/wp-json\/wp\/v2\/posts\/97234\/revisions"}],"predecessor-version":[{"id":97238,"href":"https:\/\/www.sudoestehoje.com.br\/novoportal\/wp-json\/wp\/v2\/posts\/97234\/revisions\/97238"}],"wp:featuredmedia":[{"embeddable":true,"href":"https:\/\/www.sudoestehoje.com.br\/novoportal\/wp-json\/wp\/v2\/media\/97235"}],"wp:attachment":[{"href":"https:\/\/www.sudoestehoje.com.br\/novoportal\/wp-json\/wp\/v2\/media?parent=97234"}],"wp:term":[{"taxonomy":"category","embeddable":true,"href":"https:\/\/www.sudoestehoje.com.br\/novoportal\/wp-json\/wp\/v2\/categories?post=97234"},{"taxonomy":"post_tag","embeddable":true,"href":"https:\/\/www.sudoestehoje.com.br\/novoportal\/wp-json\/wp\/v2\/tags?post=97234"}],"curies":[{"name":"wp","href":"https:\/\/api.w.org\/{rel}","templated":true}]}}