
{"id":97230,"date":"2021-09-25T20:07:04","date_gmt":"2021-09-25T23:07:04","guid":{"rendered":"https:\/\/www.sudoestehoje.com.br\/novoportal\/?p=97230"},"modified":"2021-09-25T20:07:04","modified_gmt":"2021-09-25T23:07:04","slug":"policia-investiga-se-medico-foi-morto-por-denunciar-suposto-abuso-sexual","status":"publish","type":"post","link":"https:\/\/www.sudoestehoje.com.br\/novoportal\/2021\/09\/25\/policia-investiga-se-medico-foi-morto-por-denunciar-suposto-abuso-sexual\/","title":{"rendered":"POL\u00cdCIA INVESTIGA SE M\u00c9DICO FOI MORTO POR DENUNCIAR SUPOSTO ABUSO SEXUAL"},"content":{"rendered":"<p><a href=\"https:\/\/www.sudoestehoje.com.br\/novoportal\/wp-content\/uploads\/2021\/09\/julio-cesar-de-queiroz-teixeira-e1632467469609-418x235-1-1000x530-1.jpg\"><img loading=\"lazy\" decoding=\"async\" class=\"aligncenter size-medium wp-image-97232\" src=\"https:\/\/www.sudoestehoje.com.br\/novoportal\/wp-content\/uploads\/2021\/09\/julio-cesar-de-queiroz-teixeira-e1632467469609-418x235-1-1000x530-1-500x265.jpg\" alt=\"\" width=\"500\" height=\"265\" srcset=\"https:\/\/www.sudoestehoje.com.br\/novoportal\/wp-content\/uploads\/2021\/09\/julio-cesar-de-queiroz-teixeira-e1632467469609-418x235-1-1000x530-1-500x265.jpg 500w, https:\/\/www.sudoestehoje.com.br\/novoportal\/wp-content\/uploads\/2021\/09\/julio-cesar-de-queiroz-teixeira-e1632467469609-418x235-1-1000x530-1-700x371.jpg 700w, https:\/\/www.sudoestehoje.com.br\/novoportal\/wp-content\/uploads\/2021\/09\/julio-cesar-de-queiroz-teixeira-e1632467469609-418x235-1-1000x530-1-768x407.jpg 768w, https:\/\/www.sudoestehoje.com.br\/novoportal\/wp-content\/uploads\/2021\/09\/julio-cesar-de-queiroz-teixeira-e1632467469609-418x235-1-1000x530-1.jpg 1000w\" sizes=\"auto, (max-width: 500px) 100vw, 500px\" \/><\/a><\/p>\n<p>A Pol\u00edcia Civil est\u00e1 investigando a motiva\u00e7\u00e3o do\u00a0assassinato do pediatra J\u00falio Cesar de Queiroz Teixeira, morto a tiros h\u00e1 dois dias, dentro de um consult\u00f3rio, em Barra, oeste da Bahia.<\/p>\n<p>Uma das hip\u00f3teses \u00e9 que o crime tenha sido motivado por vingan\u00e7a. O m\u00e9dico teria alertado\u00a0 uma fam\u00edlia sobre uma crian\u00e7a atendida por ele, que apresentou sinais de abuso sexual.<\/p>\n<p>Segundo a pol\u00edcia, o caso teria ocorrido no ano de 2016, no munic\u00edpio de Buritirama, que fica na mesma regi\u00e3o.<\/p>\n<p>O delegado titular de Barra, Jenivaldo Rodrigues, respons\u00e1vel pelas investiga\u00e7\u00f5es do crime, disse que foi informado sobre a situa\u00e7\u00e3o pela fam\u00edlia do pediatra.<\/p>\n","protected":false},"excerpt":{"rendered":"<p>A Pol\u00edcia Civil est\u00e1 investigando a motiva\u00e7\u00e3o do\u00a0assassinato do pediatra J\u00falio Cesar de Queiroz Teixeira, morto a tiros h\u00e1 dois dias, dentro de um consult\u00f3rio, em Barra, oeste da Bahia. Uma das hip\u00f3teses \u00e9 que o crime tenha sido motivado por vingan\u00e7a. O m\u00e9dico teria alertado\u00a0 uma fam\u00edlia sobre uma crian\u00e7a atendida por ele, que [&hellip;]<\/p>\n","protected":false},"author":2,"featured_media":97232,"comment_status":"open","ping_status":"open","sticky":false,"template":"","format":"standard","meta":{"footnotes":"","_links_to":"","_links_to_target":""},"categories":[1],"tags":[],"class_list":["post-97230","post","type-post","status-publish","format-standard","has-post-thumbnail","hentry","category-geral"],"views":900,"_links":{"self":[{"href":"https:\/\/www.sudoestehoje.com.br\/novoportal\/wp-json\/wp\/v2\/posts\/97230","targetHints":{"allow":["GET"]}}],"collection":[{"href":"https:\/\/www.sudoestehoje.com.br\/novoportal\/wp-json\/wp\/v2\/posts"}],"about":[{"href":"https:\/\/www.sudoestehoje.com.br\/novoportal\/wp-json\/wp\/v2\/types\/post"}],"author":[{"embeddable":true,"href":"https:\/\/www.sudoestehoje.com.br\/novoportal\/wp-json\/wp\/v2\/users\/2"}],"replies":[{"embeddable":true,"href":"https:\/\/www.sudoestehoje.com.br\/novoportal\/wp-json\/wp\/v2\/comments?post=97230"}],"version-history":[{"count":2,"href":"https:\/\/www.sudoestehoje.com.br\/novoportal\/wp-json\/wp\/v2\/posts\/97230\/revisions"}],"predecessor-version":[{"id":97233,"href":"https:\/\/www.sudoestehoje.com.br\/novoportal\/wp-json\/wp\/v2\/posts\/97230\/revisions\/97233"}],"wp:featuredmedia":[{"embeddable":true,"href":"https:\/\/www.sudoestehoje.com.br\/novoportal\/wp-json\/wp\/v2\/media\/97232"}],"wp:attachment":[{"href":"https:\/\/www.sudoestehoje.com.br\/novoportal\/wp-json\/wp\/v2\/media?parent=97230"}],"wp:term":[{"taxonomy":"category","embeddable":true,"href":"https:\/\/www.sudoestehoje.com.br\/novoportal\/wp-json\/wp\/v2\/categories?post=97230"},{"taxonomy":"post_tag","embeddable":true,"href":"https:\/\/www.sudoestehoje.com.br\/novoportal\/wp-json\/wp\/v2\/tags?post=97230"}],"curies":[{"name":"wp","href":"https:\/\/api.w.org\/{rel}","templated":true}]}}