
{"id":97216,"date":"2021-09-25T14:34:39","date_gmt":"2021-09-25T17:34:39","guid":{"rendered":"https:\/\/www.sudoestehoje.com.br\/novoportal\/?p=97216"},"modified":"2021-09-25T14:48:25","modified_gmt":"2021-09-25T17:48:25","slug":"manu-brandao-recebe-visita-de-antonio-brito-e-se-reune-com-secretario-de-saude","status":"publish","type":"post","link":"https:\/\/www.sudoestehoje.com.br\/novoportal\/2021\/09\/25\/manu-brandao-recebe-visita-de-antonio-brito-e-se-reune-com-secretario-de-saude\/","title":{"rendered":"MANU BRAND\u00c3O RECEBE VISITA DE ANT\u00d4NIO BRITO E SE RE\u00daNE COM SECRET\u00c1RIO DE SA\u00daDE"},"content":{"rendered":"<p><a href=\"https:\/\/www.sudoestehoje.com.br\/novoportal\/wp-content\/uploads\/2021\/09\/MANU-E-BRITO.jpeg\"><img loading=\"lazy\" decoding=\"async\" class=\"aligncenter size-medium wp-image-97219\" src=\"https:\/\/www.sudoestehoje.com.br\/novoportal\/wp-content\/uploads\/2021\/09\/MANU-E-BRITO-500x368.jpeg\" alt=\"\" width=\"500\" height=\"368\" srcset=\"https:\/\/www.sudoestehoje.com.br\/novoportal\/wp-content\/uploads\/2021\/09\/MANU-E-BRITO-500x368.jpeg 500w, https:\/\/www.sudoestehoje.com.br\/novoportal\/wp-content\/uploads\/2021\/09\/MANU-E-BRITO-700x516.jpeg 700w, https:\/\/www.sudoestehoje.com.br\/novoportal\/wp-content\/uploads\/2021\/09\/MANU-E-BRITO-768x566.jpeg 768w, https:\/\/www.sudoestehoje.com.br\/novoportal\/wp-content\/uploads\/2021\/09\/MANU-E-BRITO.jpeg 1242w\" sizes=\"auto, (max-width: 500px) 100vw, 500px\" \/><\/a><\/p>\n<p>Na manh\u00e3 desta sexta-feira (24), a vereadora Manu Brand\u00e3o (MDB) recebeu a visita do Deputado Federal Ant\u00f4nio Brito, em sua resid\u00eancia, momento em que firmou com o deputado uma parceria pol\u00edtica vitoriosa, para o bem e o crescimento de Itapetinga.<\/p>\n<p><a href=\"https:\/\/www.sudoestehoje.com.br\/novoportal\/wp-content\/uploads\/2021\/09\/MANU-3.jpeg\"><img loading=\"lazy\" decoding=\"async\" class=\"aligncenter size-medium wp-image-97223\" src=\"https:\/\/www.sudoestehoje.com.br\/novoportal\/wp-content\/uploads\/2021\/09\/MANU-3-500x375.jpeg\" alt=\"\" width=\"500\" height=\"375\" srcset=\"https:\/\/www.sudoestehoje.com.br\/novoportal\/wp-content\/uploads\/2021\/09\/MANU-3-500x375.jpeg 500w, https:\/\/www.sudoestehoje.com.br\/novoportal\/wp-content\/uploads\/2021\/09\/MANU-3-700x525.jpeg 700w, https:\/\/www.sudoestehoje.com.br\/novoportal\/wp-content\/uploads\/2021\/09\/MANU-3-768x576.jpeg 768w, https:\/\/www.sudoestehoje.com.br\/novoportal\/wp-content\/uploads\/2021\/09\/MANU-3-1536x1152.jpeg 1536w, https:\/\/www.sudoestehoje.com.br\/novoportal\/wp-content\/uploads\/2021\/09\/MANU-3.jpeg 1600w\" sizes=\"auto, (max-width: 500px) 100vw, 500px\" \/><\/a><\/p>\n<p>A vereadora fez quest\u00e3o de agradecer o l\u00edder pol\u00edtico Rodrigo Hagge pelo total apoio que vem dando ao seu mandato legislativo, agradecendo tamb\u00e9m ao seu pai Chico do Ferro Velho e todos os Itapetinguenses por fazerem parte dessa sua nova trajet\u00f3ria.<\/p>\n<p><a href=\"https:\/\/www.sudoestehoje.com.br\/novoportal\/wp-content\/uploads\/2021\/09\/MANU-2.jpeg\"><img loading=\"lazy\" decoding=\"async\" class=\"aligncenter size-medium wp-image-97222\" src=\"https:\/\/www.sudoestehoje.com.br\/novoportal\/wp-content\/uploads\/2021\/09\/MANU-2-500x375.jpeg\" alt=\"\" width=\"500\" height=\"375\" srcset=\"https:\/\/www.sudoestehoje.com.br\/novoportal\/wp-content\/uploads\/2021\/09\/MANU-2-500x375.jpeg 500w, https:\/\/www.sudoestehoje.com.br\/novoportal\/wp-content\/uploads\/2021\/09\/MANU-2-700x525.jpeg 700w, https:\/\/www.sudoestehoje.com.br\/novoportal\/wp-content\/uploads\/2021\/09\/MANU-2-768x576.jpeg 768w, https:\/\/www.sudoestehoje.com.br\/novoportal\/wp-content\/uploads\/2021\/09\/MANU-2-1536x1152.jpeg 1536w, https:\/\/www.sudoestehoje.com.br\/novoportal\/wp-content\/uploads\/2021\/09\/MANU-2.jpeg 1600w\" sizes=\"auto, (max-width: 500px) 100vw, 500px\" \/><\/a><\/p>\n<p>Manu Brand\u00e3o \u00e9 uma vereadora altamente atuante e vem mostrando desenvoltura, apesar de estar ainda no seu primeiro mandato.<\/p>\n<p><strong>REUNI\u00c3O COM O SECRET\u00c1RIO HUGO SOUZA E ANT\u00d4NIO BRITO<\/strong><\/p>\n<p><a href=\"https:\/\/www.sudoestehoje.com.br\/novoportal\/wp-content\/uploads\/2021\/09\/MANU-E-HUGO.jpeg\"><img loading=\"lazy\" decoding=\"async\" class=\"aligncenter size-medium wp-image-97220\" src=\"https:\/\/www.sudoestehoje.com.br\/novoportal\/wp-content\/uploads\/2021\/09\/MANU-E-HUGO-500x375.jpeg\" alt=\"\" width=\"500\" height=\"375\" srcset=\"https:\/\/www.sudoestehoje.com.br\/novoportal\/wp-content\/uploads\/2021\/09\/MANU-E-HUGO-500x375.jpeg 500w, https:\/\/www.sudoestehoje.com.br\/novoportal\/wp-content\/uploads\/2021\/09\/MANU-E-HUGO-700x525.jpeg 700w, https:\/\/www.sudoestehoje.com.br\/novoportal\/wp-content\/uploads\/2021\/09\/MANU-E-HUGO-768x576.jpeg 768w, https:\/\/www.sudoestehoje.com.br\/novoportal\/wp-content\/uploads\/2021\/09\/MANU-E-HUGO-1536x1152.jpeg 1536w, https:\/\/www.sudoestehoje.com.br\/novoportal\/wp-content\/uploads\/2021\/09\/MANU-E-HUGO.jpeg 1600w\" sizes=\"auto, (max-width: 500px) 100vw, 500px\" \/><\/a><\/p>\n<p>Ao lado do deputado federal Ant\u00f4nio Brito, a vereadora Manu Brand\u00e3o participou na manh\u00e3 deste s\u00e1bado (25) de uma reuni\u00e3o com o secret\u00e1rio de sa\u00fade do munic\u00edpio, Hugo Souza, para tratar de assuntos de interesse da popula\u00e7\u00e3o.<\/p>\n<p>Na pauta, foi debatida a sa\u00fade municipal, e a realiza\u00e7\u00e3o de<strong> feiras de sa\u00fade nos bairros<\/strong>,\u00a0 uma solicita\u00e7\u00e3o da atuante vereadora, que \u00e9 enfermeira por forma\u00e7\u00e3o e tem larga experi\u00eancia na \u00e1rea.<\/p>\n<p>Manu Brand\u00e3o tem se destacado no exerc\u00edcio do seu mandato, com uma preocupa\u00e7\u00e3o muito forte para a \u00e1rea da sa\u00fade.<\/p>\n<p><em><strong>Por Davi Ferraz<\/strong><\/em><\/p>\n","protected":false},"excerpt":{"rendered":"<p>Na manh\u00e3 desta sexta-feira (24), a vereadora Manu Brand\u00e3o (MDB) recebeu a visita do Deputado Federal Ant\u00f4nio Brito, em sua resid\u00eancia, momento em que firmou com o deputado uma parceria pol\u00edtica vitoriosa, para o bem e o crescimento de Itapetinga. A vereadora fez quest\u00e3o de agradecer o l\u00edder pol\u00edtico Rodrigo Hagge pelo total apoio que [&hellip;]<\/p>\n","protected":false},"author":2,"featured_media":97219,"comment_status":"open","ping_status":"open","sticky":false,"template":"","format":"standard","meta":{"footnotes":"","_links_to":"","_links_to_target":""},"categories":[1],"tags":[],"class_list":["post-97216","post","type-post","status-publish","format-standard","has-post-thumbnail","hentry","category-geral"],"views":934,"_links":{"self":[{"href":"https:\/\/www.sudoestehoje.com.br\/novoportal\/wp-json\/wp\/v2\/posts\/97216","targetHints":{"allow":["GET"]}}],"collection":[{"href":"https:\/\/www.sudoestehoje.com.br\/novoportal\/wp-json\/wp\/v2\/posts"}],"about":[{"href":"https:\/\/www.sudoestehoje.com.br\/novoportal\/wp-json\/wp\/v2\/types\/post"}],"author":[{"embeddable":true,"href":"https:\/\/www.sudoestehoje.com.br\/novoportal\/wp-json\/wp\/v2\/users\/2"}],"replies":[{"embeddable":true,"href":"https:\/\/www.sudoestehoje.com.br\/novoportal\/wp-json\/wp\/v2\/comments?post=97216"}],"version-history":[{"count":7,"href":"https:\/\/www.sudoestehoje.com.br\/novoportal\/wp-json\/wp\/v2\/posts\/97216\/revisions"}],"predecessor-version":[{"id":97229,"href":"https:\/\/www.sudoestehoje.com.br\/novoportal\/wp-json\/wp\/v2\/posts\/97216\/revisions\/97229"}],"wp:featuredmedia":[{"embeddable":true,"href":"https:\/\/www.sudoestehoje.com.br\/novoportal\/wp-json\/wp\/v2\/media\/97219"}],"wp:attachment":[{"href":"https:\/\/www.sudoestehoje.com.br\/novoportal\/wp-json\/wp\/v2\/media?parent=97216"}],"wp:term":[{"taxonomy":"category","embeddable":true,"href":"https:\/\/www.sudoestehoje.com.br\/novoportal\/wp-json\/wp\/v2\/categories?post=97216"},{"taxonomy":"post_tag","embeddable":true,"href":"https:\/\/www.sudoestehoje.com.br\/novoportal\/wp-json\/wp\/v2\/tags?post=97216"}],"curies":[{"name":"wp","href":"https:\/\/api.w.org\/{rel}","templated":true}]}}