
{"id":97211,"date":"2021-09-24T17:56:28","date_gmt":"2021-09-24T20:56:28","guid":{"rendered":"https:\/\/www.sudoestehoje.com.br\/novoportal\/?p=97211"},"modified":"2021-09-24T17:56:28","modified_gmt":"2021-09-24T20:56:28","slug":"vulcao-nas-ilhas-canarias-apresenta-instabilidade-e-aumenta-turismo","status":"publish","type":"post","link":"https:\/\/www.sudoestehoje.com.br\/novoportal\/2021\/09\/24\/vulcao-nas-ilhas-canarias-apresenta-instabilidade-e-aumenta-turismo\/","title":{"rendered":"VULC\u00c3O NAS ILHAS CAN\u00c1RIAS APRESENTA INSTABILIDADE E AUMENTA TURISMO"},"content":{"rendered":"<p><a href=\"https:\/\/www.sudoestehoje.com.br\/novoportal\/wp-content\/uploads\/2021\/09\/vulc\u00e3o.jpg\"><img loading=\"lazy\" decoding=\"async\" class=\"aligncenter size-medium wp-image-97212\" src=\"https:\/\/www.sudoestehoje.com.br\/novoportal\/wp-content\/uploads\/2021\/09\/vulc\u00e3o-500x334.jpg\" alt=\"\" width=\"500\" height=\"334\" srcset=\"https:\/\/www.sudoestehoje.com.br\/novoportal\/wp-content\/uploads\/2021\/09\/vulc\u00e3o-500x334.jpg 500w, https:\/\/www.sudoestehoje.com.br\/novoportal\/wp-content\/uploads\/2021\/09\/vulc\u00e3o-700x468.jpg 700w, https:\/\/www.sudoestehoje.com.br\/novoportal\/wp-content\/uploads\/2021\/09\/vulc\u00e3o-768x513.jpg 768w, https:\/\/www.sudoestehoje.com.br\/novoportal\/wp-content\/uploads\/2021\/09\/vulc\u00e3o.jpg 940w\" sizes=\"auto, (max-width: 500px) 100vw, 500px\" \/><\/a><\/p>\n<p class=\"bodytext\">O governo das Ilhas Can\u00e1rias, na Espanha, divulgou nesta sexta-feira (24) que o n\u00edvel de emerg\u00eancia com o vulc\u00e3o Cumbre Vieja subiu. O plano de emerg\u00eancia agora \u00e9 n\u00edvel 2, ao inv\u00e9s de 1, seguindo em luz vermelha.<\/p>\n<p class=\"bodytext\">Na descri\u00e7\u00e3o dos riscos, o governo afirma que houve intensifica\u00e7\u00e3o no fen\u00f4meno explosivo e aumento de instabilidade na regi\u00e3o do vulc\u00e3o. Com isso, os materiais emitidos podem alcan\u00e7ar uma dist\u00e2ncia maior.<\/p>\n<p class=\"bodytext\">\u00c9 poss\u00edvel que cinzas e material quente chegue al\u00e9m da zona estabelecida como zona de exclus\u00e3o, que foi evacuada. Moradores podem sentir tamb\u00e9m vibra\u00e7\u00f5es e detona\u00e7\u00f5es vindas do vulc\u00e3o.<\/p>\n<p class=\"bodytext\">Com isso, est\u00e3o como zonas como a evacuar Tajuya e Tacande de Abajo, Tacande de Arriba, que j\u00e1 havia sido parte evacuada anteriormente.<\/p>\n<p class=\"bodytext\">Apesar dos riscos, o vulc\u00e3o atraiu turistas para a regi\u00e3o. Segundo reportagem do El Pa\u00eds, alguns turistas pagaram at\u00e9 500 euros (cerca de R$ 3,1 mil) para viajar at\u00e9 a \u00e1rea e ver a erup\u00e7\u00e3o o mais perto poss\u00edvel. A possibilidade de tsunami, como foi anunciada, \u00e9 baixa.<\/p>\n","protected":false},"excerpt":{"rendered":"<p>O governo das Ilhas Can\u00e1rias, na Espanha, divulgou nesta sexta-feira (24) que o n\u00edvel de emerg\u00eancia com o vulc\u00e3o Cumbre Vieja subiu. O plano de emerg\u00eancia agora \u00e9 n\u00edvel 2, ao inv\u00e9s de 1, seguindo em luz vermelha. Na descri\u00e7\u00e3o dos riscos, o governo afirma que houve intensifica\u00e7\u00e3o no fen\u00f4meno explosivo e aumento de instabilidade [&hellip;]<\/p>\n","protected":false},"author":2,"featured_media":97212,"comment_status":"open","ping_status":"open","sticky":false,"template":"","format":"standard","meta":{"footnotes":"","_links_to":"","_links_to_target":""},"categories":[1],"tags":[],"class_list":["post-97211","post","type-post","status-publish","format-standard","has-post-thumbnail","hentry","category-geral"],"views":750,"_links":{"self":[{"href":"https:\/\/www.sudoestehoje.com.br\/novoportal\/wp-json\/wp\/v2\/posts\/97211","targetHints":{"allow":["GET"]}}],"collection":[{"href":"https:\/\/www.sudoestehoje.com.br\/novoportal\/wp-json\/wp\/v2\/posts"}],"about":[{"href":"https:\/\/www.sudoestehoje.com.br\/novoportal\/wp-json\/wp\/v2\/types\/post"}],"author":[{"embeddable":true,"href":"https:\/\/www.sudoestehoje.com.br\/novoportal\/wp-json\/wp\/v2\/users\/2"}],"replies":[{"embeddable":true,"href":"https:\/\/www.sudoestehoje.com.br\/novoportal\/wp-json\/wp\/v2\/comments?post=97211"}],"version-history":[{"count":3,"href":"https:\/\/www.sudoestehoje.com.br\/novoportal\/wp-json\/wp\/v2\/posts\/97211\/revisions"}],"predecessor-version":[{"id":97215,"href":"https:\/\/www.sudoestehoje.com.br\/novoportal\/wp-json\/wp\/v2\/posts\/97211\/revisions\/97215"}],"wp:featuredmedia":[{"embeddable":true,"href":"https:\/\/www.sudoestehoje.com.br\/novoportal\/wp-json\/wp\/v2\/media\/97212"}],"wp:attachment":[{"href":"https:\/\/www.sudoestehoje.com.br\/novoportal\/wp-json\/wp\/v2\/media?parent=97211"}],"wp:term":[{"taxonomy":"category","embeddable":true,"href":"https:\/\/www.sudoestehoje.com.br\/novoportal\/wp-json\/wp\/v2\/categories?post=97211"},{"taxonomy":"post_tag","embeddable":true,"href":"https:\/\/www.sudoestehoje.com.br\/novoportal\/wp-json\/wp\/v2\/tags?post=97211"}],"curies":[{"name":"wp","href":"https:\/\/api.w.org\/{rel}","templated":true}]}}