
{"id":97196,"date":"2021-09-23T20:43:15","date_gmt":"2021-09-23T23:43:15","guid":{"rendered":"https:\/\/www.sudoestehoje.com.br\/novoportal\/?p=97196"},"modified":"2021-09-23T20:44:33","modified_gmt":"2021-09-23T23:44:33","slug":"medico-pediatra-e-assassinado-dentro-de-consultorio-no-oeste-da-bahia","status":"publish","type":"post","link":"https:\/\/www.sudoestehoje.com.br\/novoportal\/2021\/09\/23\/medico-pediatra-e-assassinado-dentro-de-consultorio-no-oeste-da-bahia\/","title":{"rendered":"M\u00c9DICO PEDIATRA \u00c9 ASSASSINADO DENTRO DE CONSULT\u00d3RIO NO OESTE DA BAHIA"},"content":{"rendered":"<p><a href=\"https:\/\/www.sudoestehoje.com.br\/novoportal\/wp-content\/uploads\/2021\/09\/csm_medico_96bb43e671.jpg\"><img loading=\"lazy\" decoding=\"async\" class=\"aligncenter size-medium wp-image-97197\" src=\"https:\/\/www.sudoestehoje.com.br\/novoportal\/wp-content\/uploads\/2021\/09\/csm_medico_96bb43e671-500x311.jpg\" alt=\"\" width=\"500\" height=\"311\" srcset=\"https:\/\/www.sudoestehoje.com.br\/novoportal\/wp-content\/uploads\/2021\/09\/csm_medico_96bb43e671-500x311.jpg 500w, https:\/\/www.sudoestehoje.com.br\/novoportal\/wp-content\/uploads\/2021\/09\/csm_medico_96bb43e671-700x436.jpg 700w, https:\/\/www.sudoestehoje.com.br\/novoportal\/wp-content\/uploads\/2021\/09\/csm_medico_96bb43e671-768x478.jpg 768w, https:\/\/www.sudoestehoje.com.br\/novoportal\/wp-content\/uploads\/2021\/09\/csm_medico_96bb43e671.jpg 940w\" sizes=\"auto, (max-width: 500px) 100vw, 500px\" \/><\/a><\/p>\n<p class=\"bodytext\">Um m\u00e9dico\u00a0foi assassinado a tiros dentro do consult\u00f3rio onde trabalhava no munic\u00edpio de Barra, no oeste da Bahia. O crime, que chocou a cidade, aconteceu\u00a0na manh\u00e3 desta quinta-feira (23), por volta das 8h30, na Rua Cardeal da Silva, bairro Ros\u00e1rio.<\/p>\n<p class=\"bodytext\">De acordo com a investiga\u00e7\u00e3o policial, J\u00falio C\u00e9sar de Queiroz Teixeira, de 44 anos, trabalhava em uma cl\u00ednica particular da cidade. Logo ap\u00f3s um paciente deixar seu\u00a0consult\u00f3rio, um outro homem invadiu o local e atirou v\u00e1rias vezes contra o m\u00e9dico, que era pediatra e tamb\u00e9m prestava servi\u00e7os como ultrassonografista. Em seguida, o criminoso fugiu do local em uma moto.<\/p>\n<p class=\"bodytext\">J\u00falio C\u00e9sar foi socorrido \u00e0s pressas por outros funcion\u00e1rios da cl\u00ednica e levado para o Hospital de Irec\u00ea. Como um dos tiros atingiu sua cabe\u00e7a, o m\u00e9dico n\u00e3o resistiu.<\/p>\n<p class=\"bodytext\">Uma equipe do Departamento de Pol\u00edcia T\u00e9cnica (DPT) foi at\u00e9 o local para fazer a per\u00edcia. A Pol\u00edcia Civil informou que testemunhas est\u00e3o sendo ouvidas e que as imagens das c\u00e2meras de seguran\u00e7a devem contribuir com a investiga\u00e7\u00e3o do caso. As guias periciais foram expedidas. <em>\/\/Correio<\/em><\/p>\n","protected":false},"excerpt":{"rendered":"<p>Um m\u00e9dico\u00a0foi assassinado a tiros dentro do consult\u00f3rio onde trabalhava no munic\u00edpio de Barra, no oeste da Bahia. O crime, que chocou a cidade, aconteceu\u00a0na manh\u00e3 desta quinta-feira (23), por volta das 8h30, na Rua Cardeal da Silva, bairro Ros\u00e1rio. De acordo com a investiga\u00e7\u00e3o policial, J\u00falio C\u00e9sar de Queiroz Teixeira, de 44 anos, trabalhava [&hellip;]<\/p>\n","protected":false},"author":2,"featured_media":97197,"comment_status":"open","ping_status":"open","sticky":false,"template":"","format":"standard","meta":{"footnotes":"","_links_to":"","_links_to_target":""},"categories":[1],"tags":[],"class_list":["post-97196","post","type-post","status-publish","format-standard","has-post-thumbnail","hentry","category-geral"],"views":1293,"_links":{"self":[{"href":"https:\/\/www.sudoestehoje.com.br\/novoportal\/wp-json\/wp\/v2\/posts\/97196","targetHints":{"allow":["GET"]}}],"collection":[{"href":"https:\/\/www.sudoestehoje.com.br\/novoportal\/wp-json\/wp\/v2\/posts"}],"about":[{"href":"https:\/\/www.sudoestehoje.com.br\/novoportal\/wp-json\/wp\/v2\/types\/post"}],"author":[{"embeddable":true,"href":"https:\/\/www.sudoestehoje.com.br\/novoportal\/wp-json\/wp\/v2\/users\/2"}],"replies":[{"embeddable":true,"href":"https:\/\/www.sudoestehoje.com.br\/novoportal\/wp-json\/wp\/v2\/comments?post=97196"}],"version-history":[{"count":1,"href":"https:\/\/www.sudoestehoje.com.br\/novoportal\/wp-json\/wp\/v2\/posts\/97196\/revisions"}],"predecessor-version":[{"id":97198,"href":"https:\/\/www.sudoestehoje.com.br\/novoportal\/wp-json\/wp\/v2\/posts\/97196\/revisions\/97198"}],"wp:featuredmedia":[{"embeddable":true,"href":"https:\/\/www.sudoestehoje.com.br\/novoportal\/wp-json\/wp\/v2\/media\/97197"}],"wp:attachment":[{"href":"https:\/\/www.sudoestehoje.com.br\/novoportal\/wp-json\/wp\/v2\/media?parent=97196"}],"wp:term":[{"taxonomy":"category","embeddable":true,"href":"https:\/\/www.sudoestehoje.com.br\/novoportal\/wp-json\/wp\/v2\/categories?post=97196"},{"taxonomy":"post_tag","embeddable":true,"href":"https:\/\/www.sudoestehoje.com.br\/novoportal\/wp-json\/wp\/v2\/tags?post=97196"}],"curies":[{"name":"wp","href":"https:\/\/api.w.org\/{rel}","templated":true}]}}