
{"id":97182,"date":"2021-09-23T19:39:55","date_gmt":"2021-09-23T22:39:55","guid":{"rendered":"https:\/\/www.sudoestehoje.com.br\/novoportal\/?p=97182"},"modified":"2021-09-23T19:43:31","modified_gmt":"2021-09-23T22:43:31","slug":"base-de-rodrigo-nao-quer-alianca-com-pt","status":"publish","type":"post","link":"https:\/\/www.sudoestehoje.com.br\/novoportal\/2021\/09\/23\/base-de-rodrigo-nao-quer-alianca-com-pt\/","title":{"rendered":"BASE DE RODRIGO N\u00c3O QUER ALIAN\u00c7A COM PT"},"content":{"rendered":"<p><a href=\"https:\/\/www.sudoestehoje.com.br\/novoportal\/wp-content\/uploads\/2021\/09\/PT-NUNCA-MAIS.png\"><img loading=\"lazy\" decoding=\"async\" class=\"aligncenter wp-image-97188\" src=\"https:\/\/www.sudoestehoje.com.br\/novoportal\/wp-content\/uploads\/2021\/09\/PT-NUNCA-MAIS.png\" alt=\"\" width=\"233\" height=\"132\" \/><\/a><\/p>\n<p>As reiteradas declara\u00e7\u00f5es de L\u00facio Vieira Lima sobre um prov\u00e1vel apoio do MDB baiano \u00e0 candidatura do petista Jaques Wagner ao governo , em 2022, caiu como uma bomba em Itapetinga, com a base do prefeito Rodrigo Hagge reagindo e se posicionando contr\u00e1ria \u00e1 malfadada ideia, por raz\u00f5es mais do que \u00f3bvias: o PT \u00e9 o principal advers\u00e1rio do MDB no munic\u00edpio.<\/p>\n<p><strong>CONFIAN\u00c7A EM RODRIGO<\/strong><\/p>\n<p>Mesmo assim, a decis\u00e3o final ser\u00e1 do prefeito Rodrigo, que dever\u00e1 ouvir o MDB local e sua base aliada, caso o diret\u00f3rio estadual decida se aliar ao PT ou a qualquer outro partido. A confian\u00e7a no jovem prefeito \u00e9 total, mas a prefer\u00eancia dos Saru\u00eas e Gabirabas \u00e9 por ACM Neto, lembrando que o DEM j\u00e1 \u00e9 parceiro do MDB em Itapetinga e faz parte do governo municipal. Uma alian\u00e7a com o PT inviabilizaria essa e outras parcerias e racharia a base de Rodrigo.<\/p>\n<p><strong>APOIO DE MICHEL A WAGNER EM 2006<\/strong><\/p>\n<p>Nas discuss\u00f5es sobre essa quest\u00e3o, muita gente cita o apoio de Michel Hagge a Jaques Wagner, nas elei\u00e7\u00f5es de 2006, mas o contexto era outro e permitia essa alian\u00e7a. Michel era prefeito e tinha como principal advers\u00e1rio o ent\u00e3o governador Paulo Souto, seu primo carnal. Itapetinga era tratada a p\u00e3o e \u00e1gua pelo governo do estado, a mando do velho ACM. Por outro lado, o MDB nacional e estadual faziam parte do governo Lula, com Geddel no Minist\u00e9rio da Integra\u00e7\u00e3o Nacional. Deu a l\u00f3gica.<\/p>\n<p><strong>E JO\u00c3O ROMA?<\/strong><\/p>\n<p>Outra op\u00e7\u00e3o para o governado da Bahia \u00e9 o candidato bolsonarista Jo\u00e3o Roma, Ministro da Cidadania e amigo pessoal de Rodrigo. Apesar do nome dele ainda n\u00e3o estar nas discuss\u00f5es no tabuleiro pol\u00edtico local, \u00e9 bom lembrar que a vota\u00e7\u00e3o de Bolsonaro em Itapetinga nas \u00faltimas elei\u00e7\u00f5es, foi majorit\u00e1ria, tanto no primeiro quanto no segundo turno. Isso pesa e deve ser decisivo em 2022. \u00c9 caso a pensar&#8230;<\/p>\n","protected":false},"excerpt":{"rendered":"<p>As reiteradas declara\u00e7\u00f5es de L\u00facio Vieira Lima sobre um prov\u00e1vel apoio do MDB baiano \u00e0 candidatura do petista Jaques Wagner ao governo , em 2022, caiu como uma bomba em Itapetinga, com a base do prefeito Rodrigo Hagge reagindo e se posicionando contr\u00e1ria \u00e1 malfadada ideia, por raz\u00f5es mais do que \u00f3bvias: o PT \u00e9 [&hellip;]<\/p>\n","protected":false},"author":2,"featured_media":97188,"comment_status":"open","ping_status":"open","sticky":false,"template":"","format":"standard","meta":{"footnotes":"","_links_to":"","_links_to_target":""},"categories":[11],"tags":[],"class_list":["post-97182","post","type-post","status-publish","format-standard","has-post-thumbnail","hentry","category-quentinhas"],"views":1308,"_links":{"self":[{"href":"https:\/\/www.sudoestehoje.com.br\/novoportal\/wp-json\/wp\/v2\/posts\/97182","targetHints":{"allow":["GET"]}}],"collection":[{"href":"https:\/\/www.sudoestehoje.com.br\/novoportal\/wp-json\/wp\/v2\/posts"}],"about":[{"href":"https:\/\/www.sudoestehoje.com.br\/novoportal\/wp-json\/wp\/v2\/types\/post"}],"author":[{"embeddable":true,"href":"https:\/\/www.sudoestehoje.com.br\/novoportal\/wp-json\/wp\/v2\/users\/2"}],"replies":[{"embeddable":true,"href":"https:\/\/www.sudoestehoje.com.br\/novoportal\/wp-json\/wp\/v2\/comments?post=97182"}],"version-history":[{"count":10,"href":"https:\/\/www.sudoestehoje.com.br\/novoportal\/wp-json\/wp\/v2\/posts\/97182\/revisions"}],"predecessor-version":[{"id":97193,"href":"https:\/\/www.sudoestehoje.com.br\/novoportal\/wp-json\/wp\/v2\/posts\/97182\/revisions\/97193"}],"wp:featuredmedia":[{"embeddable":true,"href":"https:\/\/www.sudoestehoje.com.br\/novoportal\/wp-json\/wp\/v2\/media\/97188"}],"wp:attachment":[{"href":"https:\/\/www.sudoestehoje.com.br\/novoportal\/wp-json\/wp\/v2\/media?parent=97182"}],"wp:term":[{"taxonomy":"category","embeddable":true,"href":"https:\/\/www.sudoestehoje.com.br\/novoportal\/wp-json\/wp\/v2\/categories?post=97182"},{"taxonomy":"post_tag","embeddable":true,"href":"https:\/\/www.sudoestehoje.com.br\/novoportal\/wp-json\/wp\/v2\/tags?post=97182"}],"curies":[{"name":"wp","href":"https:\/\/api.w.org\/{rel}","templated":true}]}}