
{"id":97167,"date":"2021-09-22T18:03:45","date_gmt":"2021-09-22T21:03:45","guid":{"rendered":"https:\/\/www.sudoestehoje.com.br\/novoportal\/?p=97167"},"modified":"2021-09-22T18:03:45","modified_gmt":"2021-09-22T21:03:45","slug":"executiva-do-dem-aprova-fusao-com-o-psl","status":"publish","type":"post","link":"https:\/\/www.sudoestehoje.com.br\/novoportal\/2021\/09\/22\/executiva-do-dem-aprova-fusao-com-o-psl\/","title":{"rendered":"EXECUTIVA DO DEM APROVA FUS\u00c3O COM O PSL"},"content":{"rendered":"<p><a href=\"https:\/\/www.sudoestehoje.com.br\/novoportal\/wp-content\/uploads\/2021\/09\/Paulo_Azi.jpg\"><img loading=\"lazy\" decoding=\"async\" class=\"aligncenter size-medium wp-image-97169\" src=\"https:\/\/www.sudoestehoje.com.br\/novoportal\/wp-content\/uploads\/2021\/09\/Paulo_Azi-500x350.jpg\" alt=\"\" width=\"500\" height=\"350\" srcset=\"https:\/\/www.sudoestehoje.com.br\/novoportal\/wp-content\/uploads\/2021\/09\/Paulo_Azi-500x350.jpg 500w, https:\/\/www.sudoestehoje.com.br\/novoportal\/wp-content\/uploads\/2021\/09\/Paulo_Azi.jpg 600w\" sizes=\"auto, (max-width: 500px) 100vw, 500px\" \/><\/a><\/p>\n<p>A Executiva Nacional do DEM se reuniu, na noite desta ter\u00e7a-feira (21), para discutir a fus\u00e3o com o PSL.\u00a0A aprova\u00e7\u00e3o para in\u00edcio das tratativas para a uni\u00e3o com o PSL, entre os 40 membros com direito a voto, foi un\u00e2nime<\/p>\n<p>Participaram do encontro o presidente nacional do partido, ACM Neto, o presidente do Senado, Rodrigo Pacheco, o ex-ministro da Sa\u00fade Luiz Henrique Mandetta e o presidente na Bahia, deputado Paulo Azi.<\/p>\n<p>De acordo com informa\u00e7\u00f5es do jornal Estad\u00e3o, o objetivo das duas legendas \u00e9 oficializar a fus\u00e3o at\u00e9 outubro. Depois da reuni\u00e3o da Executiva, o DEM vai convocar para o pr\u00f3ximo m\u00eas um encontro do Diret\u00f3rio Nacional para decidir internamente a fus\u00e3o.<\/p>\n<p>Dentro do PSL tamb\u00e9m est\u00e3o marcadas reuni\u00f5es para debater o assunto, mas a aprova\u00e7\u00e3o da fus\u00e3o tamb\u00e9m j\u00e1 est\u00e1 praticamente aprovada internamente.<\/p>\n<p>Se concretizado, o novo partido ter\u00e1 a maior bancada da C\u00e2mara dos Deputados, com 81 parlamentares, al\u00e9m de sete senadores, tr\u00eas governadores, o maior tempo de r\u00e1dio e televis\u00e3o na campanha de 2022 e os maiores fundos eleitoral e partid\u00e1rio.<\/p>\n<p>A presid\u00eancia do partido deve ficar com Luciano Bivar, atual presidente do PSL, e a Secretaria-Geral com ACM Neto.<\/p>\n","protected":false},"excerpt":{"rendered":"<p>A Executiva Nacional do DEM se reuniu, na noite desta ter\u00e7a-feira (21), para discutir a fus\u00e3o com o PSL.\u00a0A aprova\u00e7\u00e3o para in\u00edcio das tratativas para a uni\u00e3o com o PSL, entre os 40 membros com direito a voto, foi un\u00e2nime Participaram do encontro o presidente nacional do partido, ACM Neto, o presidente do Senado, Rodrigo [&hellip;]<\/p>\n","protected":false},"author":2,"featured_media":97169,"comment_status":"open","ping_status":"open","sticky":false,"template":"","format":"standard","meta":{"footnotes":"","_links_to":"","_links_to_target":""},"categories":[1],"tags":[],"class_list":["post-97167","post","type-post","status-publish","format-standard","has-post-thumbnail","hentry","category-geral"],"views":908,"_links":{"self":[{"href":"https:\/\/www.sudoestehoje.com.br\/novoportal\/wp-json\/wp\/v2\/posts\/97167","targetHints":{"allow":["GET"]}}],"collection":[{"href":"https:\/\/www.sudoestehoje.com.br\/novoportal\/wp-json\/wp\/v2\/posts"}],"about":[{"href":"https:\/\/www.sudoestehoje.com.br\/novoportal\/wp-json\/wp\/v2\/types\/post"}],"author":[{"embeddable":true,"href":"https:\/\/www.sudoestehoje.com.br\/novoportal\/wp-json\/wp\/v2\/users\/2"}],"replies":[{"embeddable":true,"href":"https:\/\/www.sudoestehoje.com.br\/novoportal\/wp-json\/wp\/v2\/comments?post=97167"}],"version-history":[{"count":2,"href":"https:\/\/www.sudoestehoje.com.br\/novoportal\/wp-json\/wp\/v2\/posts\/97167\/revisions"}],"predecessor-version":[{"id":97170,"href":"https:\/\/www.sudoestehoje.com.br\/novoportal\/wp-json\/wp\/v2\/posts\/97167\/revisions\/97170"}],"wp:featuredmedia":[{"embeddable":true,"href":"https:\/\/www.sudoestehoje.com.br\/novoportal\/wp-json\/wp\/v2\/media\/97169"}],"wp:attachment":[{"href":"https:\/\/www.sudoestehoje.com.br\/novoportal\/wp-json\/wp\/v2\/media?parent=97167"}],"wp:term":[{"taxonomy":"category","embeddable":true,"href":"https:\/\/www.sudoestehoje.com.br\/novoportal\/wp-json\/wp\/v2\/categories?post=97167"},{"taxonomy":"post_tag","embeddable":true,"href":"https:\/\/www.sudoestehoje.com.br\/novoportal\/wp-json\/wp\/v2\/tags?post=97167"}],"curies":[{"name":"wp","href":"https:\/\/api.w.org\/{rel}","templated":true}]}}