
{"id":97160,"date":"2021-09-22T16:08:09","date_gmt":"2021-09-22T19:08:09","guid":{"rendered":"https:\/\/www.sudoestehoje.com.br\/novoportal\/?p=97160"},"modified":"2021-09-22T16:08:09","modified_gmt":"2021-09-22T19:08:09","slug":"evento-marca-celebracao-de-10-anos-de-fundacao-do-psd-na-camara-dos-deputados","status":"publish","type":"post","link":"https:\/\/www.sudoestehoje.com.br\/novoportal\/2021\/09\/22\/evento-marca-celebracao-de-10-anos-de-fundacao-do-psd-na-camara-dos-deputados\/","title":{"rendered":"EVENTO MARCA CELEBRA\u00c7\u00c3O DE 10 ANOS DE FUNDA\u00c7\u00c3O DO PSD NA C\u00c2MARA DOS DEPUTADOS"},"content":{"rendered":"<p><a href=\"https:\/\/www.sudoestehoje.com.br\/novoportal\/wp-content\/uploads\/2021\/09\/10-ANOS-PSD.jpeg\"><img loading=\"lazy\" decoding=\"async\" class=\"aligncenter size-medium wp-image-97162\" src=\"https:\/\/www.sudoestehoje.com.br\/novoportal\/wp-content\/uploads\/2021\/09\/10-ANOS-PSD-500x333.jpeg\" alt=\"\" width=\"500\" height=\"333\" srcset=\"https:\/\/www.sudoestehoje.com.br\/novoportal\/wp-content\/uploads\/2021\/09\/10-ANOS-PSD-500x333.jpeg 500w, https:\/\/www.sudoestehoje.com.br\/novoportal\/wp-content\/uploads\/2021\/09\/10-ANOS-PSD-700x466.jpeg 700w, https:\/\/www.sudoestehoje.com.br\/novoportal\/wp-content\/uploads\/2021\/09\/10-ANOS-PSD-768x512.jpeg 768w, https:\/\/www.sudoestehoje.com.br\/novoportal\/wp-content\/uploads\/2021\/09\/10-ANOS-PSD.jpeg 1280w\" sizes=\"auto, (max-width: 500px) 100vw, 500px\" \/><\/a><\/p>\n<p>O Partido Social Democr\u00e1tico (PSD) celebrou, ontem, 10 anos de funda\u00e7\u00e3o, em evento idealizado pelo presidente nacional da sigla, Gilberto Kassab, e pelo l\u00edder da bancada do PSD na C\u00e2mara dos Deputados, Antonio Brito.<\/p>\n<p>A solenidade reuniu os presidentes do Senado, Rodrigo Pacheco; o da C\u00e2mara, Arthur Lira; al\u00e9m de outros l\u00edderes de bancada e parlamentares.<\/p>\n<p>O PSD, que obteve seu registro nacional no Tribunal Superior Eleitoral (TSE) no dia 27 de setembro de 2011, hoje \u00e9 a quinta maior bancada da C\u00e2mara, com 35 parlamentares, e a segunda maior no Senado, com 11 senadores. No Brasil, o PSD fez, nas \u00faltimas elei\u00e7\u00f5es, dois governadores e mais de 650 prefeitos por todo o Pa\u00eds.<\/p>\n","protected":false},"excerpt":{"rendered":"<p>O Partido Social Democr\u00e1tico (PSD) celebrou, ontem, 10 anos de funda\u00e7\u00e3o, em evento idealizado pelo presidente nacional da sigla, Gilberto Kassab, e pelo l\u00edder da bancada do PSD na C\u00e2mara dos Deputados, Antonio Brito. A solenidade reuniu os presidentes do Senado, Rodrigo Pacheco; o da C\u00e2mara, Arthur Lira; al\u00e9m de outros l\u00edderes de bancada e [&hellip;]<\/p>\n","protected":false},"author":2,"featured_media":97162,"comment_status":"open","ping_status":"open","sticky":false,"template":"","format":"standard","meta":{"footnotes":"","_links_to":"","_links_to_target":""},"categories":[1],"tags":[],"class_list":["post-97160","post","type-post","status-publish","format-standard","has-post-thumbnail","hentry","category-geral"],"views":709,"_links":{"self":[{"href":"https:\/\/www.sudoestehoje.com.br\/novoportal\/wp-json\/wp\/v2\/posts\/97160","targetHints":{"allow":["GET"]}}],"collection":[{"href":"https:\/\/www.sudoestehoje.com.br\/novoportal\/wp-json\/wp\/v2\/posts"}],"about":[{"href":"https:\/\/www.sudoestehoje.com.br\/novoportal\/wp-json\/wp\/v2\/types\/post"}],"author":[{"embeddable":true,"href":"https:\/\/www.sudoestehoje.com.br\/novoportal\/wp-json\/wp\/v2\/users\/2"}],"replies":[{"embeddable":true,"href":"https:\/\/www.sudoestehoje.com.br\/novoportal\/wp-json\/wp\/v2\/comments?post=97160"}],"version-history":[{"count":2,"href":"https:\/\/www.sudoestehoje.com.br\/novoportal\/wp-json\/wp\/v2\/posts\/97160\/revisions"}],"predecessor-version":[{"id":97163,"href":"https:\/\/www.sudoestehoje.com.br\/novoportal\/wp-json\/wp\/v2\/posts\/97160\/revisions\/97163"}],"wp:featuredmedia":[{"embeddable":true,"href":"https:\/\/www.sudoestehoje.com.br\/novoportal\/wp-json\/wp\/v2\/media\/97162"}],"wp:attachment":[{"href":"https:\/\/www.sudoestehoje.com.br\/novoportal\/wp-json\/wp\/v2\/media?parent=97160"}],"wp:term":[{"taxonomy":"category","embeddable":true,"href":"https:\/\/www.sudoestehoje.com.br\/novoportal\/wp-json\/wp\/v2\/categories?post=97160"},{"taxonomy":"post_tag","embeddable":true,"href":"https:\/\/www.sudoestehoje.com.br\/novoportal\/wp-json\/wp\/v2\/tags?post=97160"}],"curies":[{"name":"wp","href":"https:\/\/api.w.org\/{rel}","templated":true}]}}