
{"id":97149,"date":"2021-09-21T22:19:37","date_gmt":"2021-09-22T01:19:37","guid":{"rendered":"https:\/\/www.sudoestehoje.com.br\/novoportal\/?p=97149"},"modified":"2021-09-21T22:19:37","modified_gmt":"2021-09-22T01:19:37","slug":"ministro-da-saude-testa-positivo-para-covid-19-durante-viagem-aos-estados-unidos","status":"publish","type":"post","link":"https:\/\/www.sudoestehoje.com.br\/novoportal\/2021\/09\/21\/ministro-da-saude-testa-positivo-para-covid-19-durante-viagem-aos-estados-unidos\/","title":{"rendered":"MINISTRO DA SA\u00daDE TESTA POSITIVO PARA COVID-19 DURANTE VIAGEM AOS ESTADOS UNIDOS"},"content":{"rendered":"<p><a href=\"https:\/\/www.sudoestehoje.com.br\/novoportal\/wp-content\/uploads\/2021\/09\/QUEIROGA.jpg\"><img loading=\"lazy\" decoding=\"async\" class=\"aligncenter size-medium wp-image-97151\" src=\"https:\/\/www.sudoestehoje.com.br\/novoportal\/wp-content\/uploads\/2021\/09\/QUEIROGA-500x333.jpg\" alt=\"\" width=\"500\" height=\"333\" srcset=\"https:\/\/www.sudoestehoje.com.br\/novoportal\/wp-content\/uploads\/2021\/09\/QUEIROGA-500x333.jpg 500w, https:\/\/www.sudoestehoje.com.br\/novoportal\/wp-content\/uploads\/2021\/09\/QUEIROGA.jpg 675w\" sizes=\"auto, (max-width: 500px) 100vw, 500px\" \/><\/a><\/p>\n<p>O ministro da Sa\u00fade, Marcelo Queiroga, est\u00e1 com covid-19. A descoberta foi feita durante viagem a Nova York, onde Queiroga acompanha a comitiva do presidente Jair Bolsonaro, que fez o discurso de abertura da Assembleia-Geral da Organiza\u00e7\u00e3o das Na\u00e7\u00f5es Unidas (ONU) nesta ter\u00e7a-feira (21\/9).<\/p>\n<p>A informa\u00e7\u00e3o foi divulgada pela\u00a0<em>CNN Brasil<\/em>. Ainda n\u00e3o h\u00e1 informa\u00e7\u00f5es sobre se o ministro apresenta sintomas ou n\u00e3o.<\/p>\n<p>\u00c9 o segundo integrante da comitiva presidencial a testar positivo para\u00a0 novo coronav\u00edrus. Na segunda-feira (20\/9), um diplomata brasileiro encarregado de organizar a viagem do presidente Jair Bolsonaro aos Estados Unidos\u00a0teve a confirma\u00e7\u00e3o de que estava infectado com a\u00a0covid-19. O funcion\u00e1rio, que tomou apenas a primeira dose da vacina contra a doen\u00e7a, viajou para Nova York antes da comitiva presidencial.<\/p>\n","protected":false},"excerpt":{"rendered":"<p>O ministro da Sa\u00fade, Marcelo Queiroga, est\u00e1 com covid-19. A descoberta foi feita durante viagem a Nova York, onde Queiroga acompanha a comitiva do presidente Jair Bolsonaro, que fez o discurso de abertura da Assembleia-Geral da Organiza\u00e7\u00e3o das Na\u00e7\u00f5es Unidas (ONU) nesta ter\u00e7a-feira (21\/9). A informa\u00e7\u00e3o foi divulgada pela\u00a0CNN Brasil. Ainda n\u00e3o h\u00e1 informa\u00e7\u00f5es sobre [&hellip;]<\/p>\n","protected":false},"author":2,"featured_media":97151,"comment_status":"open","ping_status":"open","sticky":false,"template":"","format":"standard","meta":{"footnotes":"","_links_to":"","_links_to_target":""},"categories":[1],"tags":[],"class_list":["post-97149","post","type-post","status-publish","format-standard","has-post-thumbnail","hentry","category-geral"],"views":1088,"_links":{"self":[{"href":"https:\/\/www.sudoestehoje.com.br\/novoportal\/wp-json\/wp\/v2\/posts\/97149","targetHints":{"allow":["GET"]}}],"collection":[{"href":"https:\/\/www.sudoestehoje.com.br\/novoportal\/wp-json\/wp\/v2\/posts"}],"about":[{"href":"https:\/\/www.sudoestehoje.com.br\/novoportal\/wp-json\/wp\/v2\/types\/post"}],"author":[{"embeddable":true,"href":"https:\/\/www.sudoestehoje.com.br\/novoportal\/wp-json\/wp\/v2\/users\/2"}],"replies":[{"embeddable":true,"href":"https:\/\/www.sudoestehoje.com.br\/novoportal\/wp-json\/wp\/v2\/comments?post=97149"}],"version-history":[{"count":2,"href":"https:\/\/www.sudoestehoje.com.br\/novoportal\/wp-json\/wp\/v2\/posts\/97149\/revisions"}],"predecessor-version":[{"id":97152,"href":"https:\/\/www.sudoestehoje.com.br\/novoportal\/wp-json\/wp\/v2\/posts\/97149\/revisions\/97152"}],"wp:featuredmedia":[{"embeddable":true,"href":"https:\/\/www.sudoestehoje.com.br\/novoportal\/wp-json\/wp\/v2\/media\/97151"}],"wp:attachment":[{"href":"https:\/\/www.sudoestehoje.com.br\/novoportal\/wp-json\/wp\/v2\/media?parent=97149"}],"wp:term":[{"taxonomy":"category","embeddable":true,"href":"https:\/\/www.sudoestehoje.com.br\/novoportal\/wp-json\/wp\/v2\/categories?post=97149"},{"taxonomy":"post_tag","embeddable":true,"href":"https:\/\/www.sudoestehoje.com.br\/novoportal\/wp-json\/wp\/v2\/tags?post=97149"}],"curies":[{"name":"wp","href":"https:\/\/api.w.org\/{rel}","templated":true}]}}