
{"id":97136,"date":"2021-09-21T17:11:01","date_gmt":"2021-09-21T20:11:01","guid":{"rendered":"https:\/\/www.sudoestehoje.com.br\/novoportal\/?p=97136"},"modified":"2021-09-21T17:36:48","modified_gmt":"2021-09-21T20:36:48","slug":"rodrigo-hagge-e-uma-das-alternativas-do-mdb-para-compor-chapa-majoritaria-na-bahia-diz-lucio","status":"publish","type":"post","link":"https:\/\/www.sudoestehoje.com.br\/novoportal\/2021\/09\/21\/rodrigo-hagge-e-uma-das-alternativas-do-mdb-para-compor-chapa-majoritaria-na-bahia-diz-lucio\/","title":{"rendered":"RODRIGO HAGGE \u00c9 UMA DAS ALTERNATIVAS DO MDB PARA COMPOR CHAPA MAJORIT\u00c1RIA NA BAHIA, DIZ L\u00daCIO"},"content":{"rendered":"<p><a href=\"https:\/\/www.sudoestehoje.com.br\/novoportal\/wp-content\/uploads\/2021\/09\/ROD.jpg\"><img loading=\"lazy\" decoding=\"async\" class=\"aligncenter size-medium wp-image-97139\" src=\"https:\/\/www.sudoestehoje.com.br\/novoportal\/wp-content\/uploads\/2021\/09\/ROD-500x281.jpg\" alt=\"\" width=\"500\" height=\"281\" srcset=\"https:\/\/www.sudoestehoje.com.br\/novoportal\/wp-content\/uploads\/2021\/09\/ROD-500x281.jpg 500w, https:\/\/www.sudoestehoje.com.br\/novoportal\/wp-content\/uploads\/2021\/09\/ROD.jpg 512w\" sizes=\"auto, (max-width: 500px) 100vw, 500px\" \/><\/a><\/p>\n<p>O MDB da Bahia ainda n\u00e3o decidiu com quem ir\u00e1 marchar nas elei\u00e7\u00f5es de 2022 no estado, mas j\u00e1 trabalha com quatro alternativas de olho na indica\u00e7\u00e3o para compor a chapa majorit\u00e1ria do candidato escolhido. Al\u00e9m do presidente da C\u00e2mara de Vereadores de Salvador, Geraldo J\u00fanior, o partido tem no selecionado o comandante estadual da sigla, Alex Futuca, e os prefeitos de Itapetinga,<strong> Rodrigo Hagge,<\/strong> e de Vera Cruz, Marcus Vin\u00edcius.<\/p>\n<p>\u201cN\u00f3s ainda n\u00e3o estamos indicando nomes para nenhuma chapa, que fique claro. S\u00f3 vamos pensar nisso depois que decidirmos quem iremos apoiar em 2022. E s\u00f3 vamos decidir quem iremos apoiar depois que tivermos a apresenta\u00e7\u00e3o das propostas de todos os pr\u00e9-candidatos\u201d, disse o presidente de honra do MDB baiano, o ex-deputado federal L\u00facio Vieira Lima.<\/p>\n<p>L\u00facio afirmou que j\u00e1 teve uma rodada de conversas com os principais pr\u00e9-candidatos ao Pal\u00e1cio de Ondina: o ex-prefeito de Salvador ACM Neto (DEM), o senador Jaques Wagner (PT) e o ministro da Cidadania, Jo\u00e3o Roma (Republicanos).<\/p>\n<p>O presidente de honra do MDB negou tamb\u00e9m que esteja discutindo com o PT a indica\u00e7\u00e3o de um emedebista para a Secretaria de Desenvolvimento Urbano (Sedur) do estado, conforme especula\u00e7\u00f5es da imprensa. \u201cNunca houve essa conversa. Nunca houve convite. E n\u00e3o estamos pensando nisso. Essa quest\u00e3o de cargo n\u00e3o ser\u00e1 decisiva sobre 2022. Queremos \u00e9 ouvir as propostas dos candidatos\u201d, concluiu.<\/p>\n<p>Em Itapetinga, a avalia\u00e7\u00e3o do MDB local \u00e9 de que uma composi\u00e7\u00e3o com o PT \u00e9 absolutamente invi\u00e1vel, portanto descartada.<\/p>\n","protected":false},"excerpt":{"rendered":"<p>O MDB da Bahia ainda n\u00e3o decidiu com quem ir\u00e1 marchar nas elei\u00e7\u00f5es de 2022 no estado, mas j\u00e1 trabalha com quatro alternativas de olho na indica\u00e7\u00e3o para compor a chapa majorit\u00e1ria do candidato escolhido. Al\u00e9m do presidente da C\u00e2mara de Vereadores de Salvador, Geraldo J\u00fanior, o partido tem no selecionado o comandante estadual da [&hellip;]<\/p>\n","protected":false},"author":2,"featured_media":97139,"comment_status":"open","ping_status":"open","sticky":false,"template":"","format":"standard","meta":{"footnotes":"","_links_to":"","_links_to_target":""},"categories":[1],"tags":[],"class_list":["post-97136","post","type-post","status-publish","format-standard","has-post-thumbnail","hentry","category-geral"],"views":1182,"_links":{"self":[{"href":"https:\/\/www.sudoestehoje.com.br\/novoportal\/wp-json\/wp\/v2\/posts\/97136","targetHints":{"allow":["GET"]}}],"collection":[{"href":"https:\/\/www.sudoestehoje.com.br\/novoportal\/wp-json\/wp\/v2\/posts"}],"about":[{"href":"https:\/\/www.sudoestehoje.com.br\/novoportal\/wp-json\/wp\/v2\/types\/post"}],"author":[{"embeddable":true,"href":"https:\/\/www.sudoestehoje.com.br\/novoportal\/wp-json\/wp\/v2\/users\/2"}],"replies":[{"embeddable":true,"href":"https:\/\/www.sudoestehoje.com.br\/novoportal\/wp-json\/wp\/v2\/comments?post=97136"}],"version-history":[{"count":4,"href":"https:\/\/www.sudoestehoje.com.br\/novoportal\/wp-json\/wp\/v2\/posts\/97136\/revisions"}],"predecessor-version":[{"id":97141,"href":"https:\/\/www.sudoestehoje.com.br\/novoportal\/wp-json\/wp\/v2\/posts\/97136\/revisions\/97141"}],"wp:featuredmedia":[{"embeddable":true,"href":"https:\/\/www.sudoestehoje.com.br\/novoportal\/wp-json\/wp\/v2\/media\/97139"}],"wp:attachment":[{"href":"https:\/\/www.sudoestehoje.com.br\/novoportal\/wp-json\/wp\/v2\/media?parent=97136"}],"wp:term":[{"taxonomy":"category","embeddable":true,"href":"https:\/\/www.sudoestehoje.com.br\/novoportal\/wp-json\/wp\/v2\/categories?post=97136"},{"taxonomy":"post_tag","embeddable":true,"href":"https:\/\/www.sudoestehoje.com.br\/novoportal\/wp-json\/wp\/v2\/tags?post=97136"}],"curies":[{"name":"wp","href":"https:\/\/api.w.org\/{rel}","templated":true}]}}