
{"id":97126,"date":"2021-09-19T22:25:46","date_gmt":"2021-09-20T01:25:46","guid":{"rendered":"https:\/\/www.sudoestehoje.com.br\/novoportal\/?p=97126"},"modified":"2021-09-20T09:27:12","modified_gmt":"2021-09-20T12:27:12","slug":"conquista-duas-pessoas-morrem-em-batida-entre-carro-e-caminhao-na-br-116","status":"publish","type":"post","link":"https:\/\/www.sudoestehoje.com.br\/novoportal\/2021\/09\/19\/conquista-duas-pessoas-morrem-em-batida-entre-carro-e-caminhao-na-br-116\/","title":{"rendered":"CONQUISTA: DUAS PESSOAS MORREM EM BATIDA ENTRE CARRO E CAMINH\u00c3O NA BR-116"},"content":{"rendered":"<p><a href=\"https:\/\/www.sudoestehoje.com.br\/novoportal\/wp-content\/uploads\/2021\/09\/BATIDA-116.jpg\"><img loading=\"lazy\" decoding=\"async\" class=\"aligncenter size-medium wp-image-97128\" src=\"https:\/\/www.sudoestehoje.com.br\/novoportal\/wp-content\/uploads\/2021\/09\/BATIDA-116-500x334.jpg\" alt=\"\" width=\"500\" height=\"334\" srcset=\"https:\/\/www.sudoestehoje.com.br\/novoportal\/wp-content\/uploads\/2021\/09\/BATIDA-116-500x334.jpg 500w, https:\/\/www.sudoestehoje.com.br\/novoportal\/wp-content\/uploads\/2021\/09\/BATIDA-116.jpg 640w\" sizes=\"auto, (max-width: 500px) 100vw, 500px\" \/><\/a><\/p>\n<p>Duas pessoas morreram e tr\u00eas ficaram feridas em uma colis\u00e3o que envolveu um carro de passeio e um caminh\u00e3o. O acidente ocorreu por volta das 14h, na altura do km 805 da BR-116, pr\u00f3ximo ao entroncamento de entrada em Vit\u00f3ria da Conquista, no Sudoeste.<\/p>\n<p>Segundo a Pol\u00edcia Rodovi\u00e1ria Federal (PRF) na Bahia, a colis\u00e3o foi frontal e ocorreu ap\u00f3s uma ultrapassagem indevida. No impacto, o carro ficou destru\u00eddo. O motorista do Palio, identificado como Rafael Dias Damasceno, de 37 anos, veio a \u00f3bito no local.<\/p>\n<p>J\u00e1 outra ocupante, identificada como L\u00edvia, morreu ap\u00f3s ser encaminhada para o Hospital Geral de Vit\u00f3ria da Conquista. Outras duas v\u00edtimas seguem hospitalizadas, informou o Blog do Anderson.<\/p>\n<p>N\u00e3o h\u00e1 mais informa\u00e7\u00f5es sobre o estado de sa\u00fade delas. O motorista do caminh\u00e3o n\u00e3o sofreu ferimentos. O ve\u00edculo levava carga de produtos das Lojas Americanas.<\/p>\n","protected":false},"excerpt":{"rendered":"<p>Duas pessoas morreram e tr\u00eas ficaram feridas em uma colis\u00e3o que envolveu um carro de passeio e um caminh\u00e3o. O acidente ocorreu por volta das 14h, na altura do km 805 da BR-116, pr\u00f3ximo ao entroncamento de entrada em Vit\u00f3ria da Conquista, no Sudoeste. Segundo a Pol\u00edcia Rodovi\u00e1ria Federal (PRF) na Bahia, a colis\u00e3o foi [&hellip;]<\/p>\n","protected":false},"author":2,"featured_media":97128,"comment_status":"open","ping_status":"open","sticky":false,"template":"","format":"standard","meta":{"footnotes":"","_links_to":"","_links_to_target":""},"categories":[1],"tags":[],"class_list":["post-97126","post","type-post","status-publish","format-standard","has-post-thumbnail","hentry","category-geral"],"views":840,"_links":{"self":[{"href":"https:\/\/www.sudoestehoje.com.br\/novoportal\/wp-json\/wp\/v2\/posts\/97126","targetHints":{"allow":["GET"]}}],"collection":[{"href":"https:\/\/www.sudoestehoje.com.br\/novoportal\/wp-json\/wp\/v2\/posts"}],"about":[{"href":"https:\/\/www.sudoestehoje.com.br\/novoportal\/wp-json\/wp\/v2\/types\/post"}],"author":[{"embeddable":true,"href":"https:\/\/www.sudoestehoje.com.br\/novoportal\/wp-json\/wp\/v2\/users\/2"}],"replies":[{"embeddable":true,"href":"https:\/\/www.sudoestehoje.com.br\/novoportal\/wp-json\/wp\/v2\/comments?post=97126"}],"version-history":[{"count":2,"href":"https:\/\/www.sudoestehoje.com.br\/novoportal\/wp-json\/wp\/v2\/posts\/97126\/revisions"}],"predecessor-version":[{"id":97130,"href":"https:\/\/www.sudoestehoje.com.br\/novoportal\/wp-json\/wp\/v2\/posts\/97126\/revisions\/97130"}],"wp:featuredmedia":[{"embeddable":true,"href":"https:\/\/www.sudoestehoje.com.br\/novoportal\/wp-json\/wp\/v2\/media\/97128"}],"wp:attachment":[{"href":"https:\/\/www.sudoestehoje.com.br\/novoportal\/wp-json\/wp\/v2\/media?parent=97126"}],"wp:term":[{"taxonomy":"category","embeddable":true,"href":"https:\/\/www.sudoestehoje.com.br\/novoportal\/wp-json\/wp\/v2\/categories?post=97126"},{"taxonomy":"post_tag","embeddable":true,"href":"https:\/\/www.sudoestehoje.com.br\/novoportal\/wp-json\/wp\/v2\/tags?post=97126"}],"curies":[{"name":"wp","href":"https:\/\/api.w.org\/{rel}","templated":true}]}}