
{"id":97121,"date":"2021-09-19T22:46:57","date_gmt":"2021-09-20T01:46:57","guid":{"rendered":"https:\/\/www.sudoestehoje.com.br\/novoportal\/?p=97121"},"modified":"2021-09-19T22:50:34","modified_gmt":"2021-09-20T01:50:34","slug":"rodrigo-hagge-participa-de-encontro-com-acm-neto-em-itabuna-ao-lado-de-liderancas-do-dem","status":"publish","type":"post","link":"https:\/\/www.sudoestehoje.com.br\/novoportal\/2021\/09\/19\/rodrigo-hagge-participa-de-encontro-com-acm-neto-em-itabuna-ao-lado-de-liderancas-do-dem\/","title":{"rendered":"RODRIGO HAGGE PARTICIPA DE ENCONTRO COM ACM NETO EM ITABUNA AO LADO DE LIDERAN\u00c7AS DO DEM"},"content":{"rendered":"<p><a href=\"https:\/\/www.sudoestehoje.com.br\/novoportal\/wp-content\/uploads\/2021\/09\/rodrigo-e-neto.jpeg\"><img loading=\"lazy\" decoding=\"async\" class=\"aligncenter size-medium wp-image-97123\" src=\"https:\/\/www.sudoestehoje.com.br\/novoportal\/wp-content\/uploads\/2021\/09\/rodrigo-e-neto-500x350.jpeg\" alt=\"\" width=\"500\" height=\"350\" srcset=\"https:\/\/www.sudoestehoje.com.br\/novoportal\/wp-content\/uploads\/2021\/09\/rodrigo-e-neto-500x350.jpeg 500w, https:\/\/www.sudoestehoje.com.br\/novoportal\/wp-content\/uploads\/2021\/09\/rodrigo-e-neto-700x490.jpeg 700w, https:\/\/www.sudoestehoje.com.br\/novoportal\/wp-content\/uploads\/2021\/09\/rodrigo-e-neto-768x537.jpeg 768w, https:\/\/www.sudoestehoje.com.br\/novoportal\/wp-content\/uploads\/2021\/09\/rodrigo-e-neto.jpeg 779w\" sizes=\"auto, (max-width: 500px) 100vw, 500px\" \/><\/a><\/p>\n<p>Nesta sexta-feira (17), o prefeito de Itapetinga Rodrigo Hagge (MDB) participou de um encontro com o pr\u00e9-candidato a governador ACM Neto, na cidade de Itabuna, Sul da Bahia.<\/p>\n<p>Ao lado de Rodrigo, lideran\u00e7as do DEM de Itapetinga, como Dr. Jos\u00e9 Ot\u00e1vio, Renan Pereira e outros, tamb\u00e9m foram recebidos pelo pr\u00e9-candidato e seus apoiadores Paulo Souto, Z\u00e9 Ronaldo e deputados do Democratas baiano.<\/p>\n<p>Segundo observadores pol\u00edticos, a presen\u00e7a de Rodrigo no encontro tira quaisquer d\u00favidas a respeito do seu posicionamento nas elei\u00e7\u00f5es para governo em 2022, apesar das especula\u00e7\u00f5es sobre um prov\u00e1vel apoio \u00e0 candidatura do petista Jaques Wagner, pouco prov\u00e1vel.<\/p>\n<p>Pelo &#8216;andar da carruagem&#8217;, deve ficar mesmo com ACM Neto.<\/p>\n<p><strong><em>Por Davi Ferraz<\/em><\/strong><\/p>\n","protected":false},"excerpt":{"rendered":"<p>Nesta sexta-feira (17), o prefeito de Itapetinga Rodrigo Hagge (MDB) participou de um encontro com o pr\u00e9-candidato a governador ACM Neto, na cidade de Itabuna, Sul da Bahia. Ao lado de Rodrigo, lideran\u00e7as do DEM de Itapetinga, como Dr. Jos\u00e9 Ot\u00e1vio, Renan Pereira e outros, tamb\u00e9m foram recebidos pelo pr\u00e9-candidato e seus apoiadores Paulo Souto, [&hellip;]<\/p>\n","protected":false},"author":2,"featured_media":97123,"comment_status":"open","ping_status":"open","sticky":false,"template":"","format":"standard","meta":{"footnotes":"","_links_to":"","_links_to_target":""},"categories":[1],"tags":[],"class_list":["post-97121","post","type-post","status-publish","format-standard","has-post-thumbnail","hentry","category-geral"],"views":1331,"_links":{"self":[{"href":"https:\/\/www.sudoestehoje.com.br\/novoportal\/wp-json\/wp\/v2\/posts\/97121","targetHints":{"allow":["GET"]}}],"collection":[{"href":"https:\/\/www.sudoestehoje.com.br\/novoportal\/wp-json\/wp\/v2\/posts"}],"about":[{"href":"https:\/\/www.sudoestehoje.com.br\/novoportal\/wp-json\/wp\/v2\/types\/post"}],"author":[{"embeddable":true,"href":"https:\/\/www.sudoestehoje.com.br\/novoportal\/wp-json\/wp\/v2\/users\/2"}],"replies":[{"embeddable":true,"href":"https:\/\/www.sudoestehoje.com.br\/novoportal\/wp-json\/wp\/v2\/comments?post=97121"}],"version-history":[{"count":3,"href":"https:\/\/www.sudoestehoje.com.br\/novoportal\/wp-json\/wp\/v2\/posts\/97121\/revisions"}],"predecessor-version":[{"id":97125,"href":"https:\/\/www.sudoestehoje.com.br\/novoportal\/wp-json\/wp\/v2\/posts\/97121\/revisions\/97125"}],"wp:featuredmedia":[{"embeddable":true,"href":"https:\/\/www.sudoestehoje.com.br\/novoportal\/wp-json\/wp\/v2\/media\/97123"}],"wp:attachment":[{"href":"https:\/\/www.sudoestehoje.com.br\/novoportal\/wp-json\/wp\/v2\/media?parent=97121"}],"wp:term":[{"taxonomy":"category","embeddable":true,"href":"https:\/\/www.sudoestehoje.com.br\/novoportal\/wp-json\/wp\/v2\/categories?post=97121"},{"taxonomy":"post_tag","embeddable":true,"href":"https:\/\/www.sudoestehoje.com.br\/novoportal\/wp-json\/wp\/v2\/tags?post=97121"}],"curies":[{"name":"wp","href":"https:\/\/api.w.org\/{rel}","templated":true}]}}