
{"id":97062,"date":"2021-09-16T20:48:28","date_gmt":"2021-09-16T23:48:28","guid":{"rendered":"https:\/\/www.sudoestehoje.com.br\/novoportal\/?p=97062"},"modified":"2021-09-16T20:52:46","modified_gmt":"2021-09-16T23:52:46","slug":"governo-avalia-volta-do-horario-de-verao-devido-a-crise-hidrica-e-pressao-de-setores","status":"publish","type":"post","link":"https:\/\/www.sudoestehoje.com.br\/novoportal\/2021\/09\/16\/governo-avalia-volta-do-horario-de-verao-devido-a-crise-hidrica-e-pressao-de-setores\/","title":{"rendered":"GOVERNO AVALIA VOLTA DO HOR\u00c1RIO DE VER\u00c3O DEVIDO \u00c0 CRISE H\u00cdDRICA E PRESS\u00c3O DE SETORES"},"content":{"rendered":"<div id=\"attachment_97064\" style=\"width: 510px\" class=\"wp-caption aligncenter\"><a href=\"https:\/\/www.sudoestehoje.com.br\/novoportal\/wp-content\/uploads\/2021\/09\/SOL.jpeg\"><img loading=\"lazy\" decoding=\"async\" aria-describedby=\"caption-attachment-97064\" class=\"size-medium wp-image-97064\" src=\"https:\/\/www.sudoestehoje.com.br\/novoportal\/wp-content\/uploads\/2021\/09\/SOL-500x375.jpeg\" alt=\"\" width=\"500\" height=\"375\" srcset=\"https:\/\/www.sudoestehoje.com.br\/novoportal\/wp-content\/uploads\/2021\/09\/SOL-500x375.jpeg 500w, https:\/\/www.sudoestehoje.com.br\/novoportal\/wp-content\/uploads\/2021\/09\/SOL-700x525.jpeg 700w, https:\/\/www.sudoestehoje.com.br\/novoportal\/wp-content\/uploads\/2021\/09\/SOL-768x576.jpeg 768w, https:\/\/www.sudoestehoje.com.br\/novoportal\/wp-content\/uploads\/2021\/09\/SOL.jpeg 1040w\" sizes=\"auto, (max-width: 500px) 100vw, 500px\" \/><\/a><p id=\"caption-attachment-97064\" class=\"wp-caption-text\"><strong><em>FOTO: PATR\u00cdCIA FERRARI<\/em><\/strong><\/p><\/div>\n<p>O Minist\u00e9rio de Minas e Energia (MME) decidiu reavaliar o hor\u00e1rio de ver\u00e3o, extinto em 2019 pelo governo federal. Apesar de manter a posi\u00e7\u00e3o de que o adiantamento dos rel\u00f3gios em uma hora tem contribui\u00e7\u00e3o limitada para a economia de energia, a pasta solicitou ao Operador Nacional do Sistema (ONS) um novo exame da quest\u00e3o por conta da situa\u00e7\u00e3o de crise h\u00eddrica.<\/p>\n<p>Al\u00e9m da preocupa\u00e7\u00e3o com o abastecimento de energia el\u00e9trica, tamb\u00e9m pesam na reavalia\u00e7\u00e3o a press\u00e3o de entidades do setor de turismo e restaurantes, que defendem o retorno do hor\u00e1rio de ver\u00e3o por conta de seu impacto positivo nos neg\u00f3cios, visto que o adiantamento de uma hora acaba adicionando mais uma hora para receber turistas e clientes.<\/p>\n<p>Em nota oficial, o minist\u00e9rio afirmou que \u201ctem estudado iniciativas que visam o deslocamento do consumo de energia el\u00e9trica dos hor\u00e1rios de maior consumo para os de menor, de forma a otimizar o uso dos recursos energ\u00e9ticos dispon\u00edveis no Sistema Interligado Nacional (SIN)\u201d, no entanto, n\u00e3o forneceu informa\u00e7\u00f5es sobre prazos e possibilidades de um eventual retorno do hor\u00e1rio de ver\u00e3o ainda em 2021.<\/p>\n","protected":false},"excerpt":{"rendered":"<p>O Minist\u00e9rio de Minas e Energia (MME) decidiu reavaliar o hor\u00e1rio de ver\u00e3o, extinto em 2019 pelo governo federal. Apesar de manter a posi\u00e7\u00e3o de que o adiantamento dos rel\u00f3gios em uma hora tem contribui\u00e7\u00e3o limitada para a economia de energia, a pasta solicitou ao Operador Nacional do Sistema (ONS) um novo exame da quest\u00e3o [&hellip;]<\/p>\n","protected":false},"author":2,"featured_media":97064,"comment_status":"open","ping_status":"open","sticky":false,"template":"","format":"standard","meta":{"footnotes":"","_links_to":"","_links_to_target":""},"categories":[1],"tags":[],"class_list":["post-97062","post","type-post","status-publish","format-standard","has-post-thumbnail","hentry","category-geral"],"views":955,"_links":{"self":[{"href":"https:\/\/www.sudoestehoje.com.br\/novoportal\/wp-json\/wp\/v2\/posts\/97062","targetHints":{"allow":["GET"]}}],"collection":[{"href":"https:\/\/www.sudoestehoje.com.br\/novoportal\/wp-json\/wp\/v2\/posts"}],"about":[{"href":"https:\/\/www.sudoestehoje.com.br\/novoportal\/wp-json\/wp\/v2\/types\/post"}],"author":[{"embeddable":true,"href":"https:\/\/www.sudoestehoje.com.br\/novoportal\/wp-json\/wp\/v2\/users\/2"}],"replies":[{"embeddable":true,"href":"https:\/\/www.sudoestehoje.com.br\/novoportal\/wp-json\/wp\/v2\/comments?post=97062"}],"version-history":[{"count":3,"href":"https:\/\/www.sudoestehoje.com.br\/novoportal\/wp-json\/wp\/v2\/posts\/97062\/revisions"}],"predecessor-version":[{"id":97066,"href":"https:\/\/www.sudoestehoje.com.br\/novoportal\/wp-json\/wp\/v2\/posts\/97062\/revisions\/97066"}],"wp:featuredmedia":[{"embeddable":true,"href":"https:\/\/www.sudoestehoje.com.br\/novoportal\/wp-json\/wp\/v2\/media\/97064"}],"wp:attachment":[{"href":"https:\/\/www.sudoestehoje.com.br\/novoportal\/wp-json\/wp\/v2\/media?parent=97062"}],"wp:term":[{"taxonomy":"category","embeddable":true,"href":"https:\/\/www.sudoestehoje.com.br\/novoportal\/wp-json\/wp\/v2\/categories?post=97062"},{"taxonomy":"post_tag","embeddable":true,"href":"https:\/\/www.sudoestehoje.com.br\/novoportal\/wp-json\/wp\/v2\/tags?post=97062"}],"curies":[{"name":"wp","href":"https:\/\/api.w.org\/{rel}","templated":true}]}}