
{"id":97052,"date":"2021-09-16T10:42:54","date_gmt":"2021-09-16T13:42:54","guid":{"rendered":"https:\/\/www.sudoestehoje.com.br\/novoportal\/?p=97052"},"modified":"2021-09-16T10:42:54","modified_gmt":"2021-09-16T13:42:54","slug":"pecuaria-ausencia-de-compras-da-china-afeta-precos-do-boi-gordo-carne-pode-cair","status":"publish","type":"post","link":"https:\/\/www.sudoestehoje.com.br\/novoportal\/2021\/09\/16\/pecuaria-ausencia-de-compras-da-china-afeta-precos-do-boi-gordo-carne-pode-cair\/","title":{"rendered":"PECU\u00c1RIA: AUS\u00caNCIA DE COMPRAS DA CHINA AFETA PRE\u00c7OS DO BOI GORDO; CARNE PODE CAIR"},"content":{"rendered":"<p><a href=\"https:\/\/www.sudoestehoje.com.br\/novoportal\/wp-content\/uploads\/2021\/09\/prec\u0327o-do-boi-gordo.jpg\"><img loading=\"lazy\" decoding=\"async\" class=\"aligncenter size-medium wp-image-97054\" src=\"https:\/\/www.sudoestehoje.com.br\/novoportal\/wp-content\/uploads\/2021\/09\/prec\u0327o-do-boi-gordo-500x341.jpg\" alt=\"\" width=\"500\" height=\"341\" srcset=\"https:\/\/www.sudoestehoje.com.br\/novoportal\/wp-content\/uploads\/2021\/09\/prec\u0327o-do-boi-gordo-500x341.jpg 500w, https:\/\/www.sudoestehoje.com.br\/novoportal\/wp-content\/uploads\/2021\/09\/prec\u0327o-do-boi-gordo-700x478.jpg 700w, https:\/\/www.sudoestehoje.com.br\/novoportal\/wp-content\/uploads\/2021\/09\/prec\u0327o-do-boi-gordo-768x524.jpg 768w, https:\/\/www.sudoestehoje.com.br\/novoportal\/wp-content\/uploads\/2021\/09\/prec\u0327o-do-boi-gordo.jpg 1080w\" sizes=\"auto, (max-width: 500px) 100vw, 500px\" \/><\/a><\/p>\n<p>O mercado f\u00edsico de boi gordo registrou pre\u00e7os mais baixos nesta ter\u00e7a-feira, 14. Segundo o analista da Safras &amp; Mercado, Fernando Henrique Iglesias, houve tentativas de compra abaixo da refer\u00eancia m\u00e9dia em diversas localidades. \u201cA aus\u00eancia de posicionamento da China em rela\u00e7\u00e3o ao caso at\u00edpico de EEB vem cobrando o seu pre\u00e7o. Os frigor\u00edficos exportadores seguem remanejando seus abates, no aguardo de uma defini\u00e7\u00e3o. A tend\u00eancia \u00e9 que os frigor\u00edficos sigam tentando exercer press\u00e3o sobre o mercado enquanto n\u00e3o acontecer a retomada dos embarques\u201d, disse Iglesias.<\/p>\n<p>Al\u00e9m disso, a Safras diz que a decis\u00e3o da Ar\u00e1bia Saudita de\u00a0<a href=\"https:\/\/www.canalrural.com.br\/noticias\/arabia-saudita-proibe-importacao-de-cinco-frigorificos-do-brasil\/\"><strong>suspender a compra de cinco unidades frigor\u00edficos<\/strong><\/a>\u00a0de Minas Gerais gera apreens\u00e3o, n\u00e3o pela import\u00e2ncia dos sauditas na compra de carne bovina brasileira, e sim pela possibilidade de outros mercados adotarem medidas semelhantes.<\/p>\n<p>Com isso, em S\u00e3o Paulo, Capital, a refer\u00eancia para a arroba do boi ficou em R$ 304 na modalidade \u00e0 prazo, est\u00e1vel. Em Goi\u00e2nia (GO), a arroba teve pre\u00e7o de R$ 290, contra R$ 292. Em Dourados (MS), a arroba foi indicada em R$ 304 \u2013 R$ 305, contra R$ 306 \u2013 R$ 307. Em Cuiab\u00e1, o valor fechou em R$ 298 \u2013 R$ 299, contra R$ 300 \u2013 R$ 301. Em Uberaba, Minas Gerais, pre\u00e7os a R$ 305 a arroba, contra R$ 306.<em> \/\/Canal Rural<\/em><\/p>\n","protected":false},"excerpt":{"rendered":"<p>O mercado f\u00edsico de boi gordo registrou pre\u00e7os mais baixos nesta ter\u00e7a-feira, 14. Segundo o analista da Safras &amp; Mercado, Fernando Henrique Iglesias, houve tentativas de compra abaixo da refer\u00eancia m\u00e9dia em diversas localidades. \u201cA aus\u00eancia de posicionamento da China em rela\u00e7\u00e3o ao caso at\u00edpico de EEB vem cobrando o seu pre\u00e7o. Os frigor\u00edficos exportadores [&hellip;]<\/p>\n","protected":false},"author":2,"featured_media":97054,"comment_status":"open","ping_status":"open","sticky":false,"template":"","format":"standard","meta":{"footnotes":"","_links_to":"","_links_to_target":""},"categories":[1],"tags":[],"class_list":["post-97052","post","type-post","status-publish","format-standard","has-post-thumbnail","hentry","category-geral"],"views":1106,"_links":{"self":[{"href":"https:\/\/www.sudoestehoje.com.br\/novoportal\/wp-json\/wp\/v2\/posts\/97052","targetHints":{"allow":["GET"]}}],"collection":[{"href":"https:\/\/www.sudoestehoje.com.br\/novoportal\/wp-json\/wp\/v2\/posts"}],"about":[{"href":"https:\/\/www.sudoestehoje.com.br\/novoportal\/wp-json\/wp\/v2\/types\/post"}],"author":[{"embeddable":true,"href":"https:\/\/www.sudoestehoje.com.br\/novoportal\/wp-json\/wp\/v2\/users\/2"}],"replies":[{"embeddable":true,"href":"https:\/\/www.sudoestehoje.com.br\/novoportal\/wp-json\/wp\/v2\/comments?post=97052"}],"version-history":[{"count":2,"href":"https:\/\/www.sudoestehoje.com.br\/novoportal\/wp-json\/wp\/v2\/posts\/97052\/revisions"}],"predecessor-version":[{"id":97055,"href":"https:\/\/www.sudoestehoje.com.br\/novoportal\/wp-json\/wp\/v2\/posts\/97052\/revisions\/97055"}],"wp:featuredmedia":[{"embeddable":true,"href":"https:\/\/www.sudoestehoje.com.br\/novoportal\/wp-json\/wp\/v2\/media\/97054"}],"wp:attachment":[{"href":"https:\/\/www.sudoestehoje.com.br\/novoportal\/wp-json\/wp\/v2\/media?parent=97052"}],"wp:term":[{"taxonomy":"category","embeddable":true,"href":"https:\/\/www.sudoestehoje.com.br\/novoportal\/wp-json\/wp\/v2\/categories?post=97052"},{"taxonomy":"post_tag","embeddable":true,"href":"https:\/\/www.sudoestehoje.com.br\/novoportal\/wp-json\/wp\/v2\/tags?post=97052"}],"curies":[{"name":"wp","href":"https:\/\/api.w.org\/{rel}","templated":true}]}}