
{"id":97042,"date":"2021-09-16T08:45:50","date_gmt":"2021-09-16T11:45:50","guid":{"rendered":"https:\/\/www.sudoestehoje.com.br\/novoportal\/?p=97042"},"modified":"2021-09-16T08:45:50","modified_gmt":"2021-09-16T11:45:50","slug":"e-amanha-a-mega-inauguracao-da-moveis-simonetti-em-itapetinga-a-loja-sera-aberta-as-7h-da-manha","status":"publish","type":"post","link":"https:\/\/www.sudoestehoje.com.br\/novoportal\/2021\/09\/16\/e-amanha-a-mega-inauguracao-da-moveis-simonetti-em-itapetinga-a-loja-sera-aberta-as-7h-da-manha\/","title":{"rendered":"\u00c9 AMANH\u00c3! A MEGA INAUGURA\u00c7\u00c3O DA M\u00d3VEIS SIMONETTI EM ITAPETINGA; A LOJA SER\u00c1 ABERTA \u00c0S 7h DA MANH\u00c3!"},"content":{"rendered":"<p><a href=\"https:\/\/www.sudoestehoje.com.br\/novoportal\/wp-content\/uploads\/2021\/09\/SIMONETTI-7.jpeg\"><img loading=\"lazy\" decoding=\"async\" class=\"aligncenter size-full wp-image-97045\" src=\"https:\/\/www.sudoestehoje.com.br\/novoportal\/wp-content\/uploads\/2021\/09\/SIMONETTI-7.jpeg\" alt=\"\" width=\"483\" height=\"409\" \/><\/a><\/p>\n<p>A M\u00f3veis Simonetti garante 12 horas de<strong> vendas ininterruptas<\/strong> nesta sexta feira. A loja vai abrir as 7 horas da manh\u00e3 pontualmente e encerra as vendas as 19 horas! A popula\u00e7\u00e3o aguarda ansiosa pela abertura oficial da M\u00f3veis Simonetti.<\/p>\n<p><strong>Lavadora 10 kilos, por 379 reais! Guarda Roupa 6 Portas, por 499! Fritadeira Ayr Fry, por 299 reais! Smart TV 42 Polegadas, por 1.699 reais!<\/strong> S\u00e3o algumas de muitas e muitas ofertas que estar\u00e3o dispon\u00edveis nesta sexta-feira, \u00e0s 7 horas da manh\u00e3!<\/p>\n<p>Lembrando que na M\u00f3veis Simonetti o pre\u00e7o de \u00e0 vista pode ser dividido em 10 vezes, sem juros, no cart\u00e3o!<\/p>\n<p>Chegue cedo nesta sexta-feira na Pra\u00e7a Augusto de Carvalho, 175 ao lado do Banco Ita\u00fa.<\/p>\n\n\t\t<style type=\"text\/css\">\n\t\t\t#gallery-1 {\n\t\t\t\tmargin: auto;\n\t\t\t}\n\t\t\t#gallery-1 .gallery-item {\n\t\t\t\tfloat: left;\n\t\t\t\tmargin-top: 10px;\n\t\t\t\ttext-align: center;\n\t\t\t\twidth: 33%;\n\t\t\t}\n\t\t\t#gallery-1 img {\n\t\t\t\tborder: 2px solid #cfcfcf;\n\t\t\t}\n\t\t\t#gallery-1 .gallery-caption {\n\t\t\t\tmargin-left: 0;\n\t\t\t}\n\t\t\t\/* see gallery_shortcode() in wp-includes\/media.php *\/\n\t\t<\/style>\n\t\t<div id='gallery-1' class='gallery galleryid-97042 gallery-columns-3 gallery-size-thumbnail'><dl class='gallery-item'>\n\t\t\t<dt class='gallery-icon portrait'>\n\t\t\t\t<a href='https:\/\/www.sudoestehoje.com.br\/novoportal\/2021\/09\/16\/e-amanha-a-mega-inauguracao-da-moveis-simonetti-em-itapetinga-a-loja-sera-aberta-as-7h-da-manha\/simonetti-8\/'><img loading=\"lazy\" decoding=\"async\" width=\"150\" height=\"150\" src=\"https:\/\/www.sudoestehoje.com.br\/novoportal\/wp-content\/uploads\/2021\/09\/SIMONETTI-8-150x150.jpeg\" class=\"attachment-thumbnail size-thumbnail\" alt=\"\" \/><\/a>\n\t\t\t<\/dt><\/dl><dl class='gallery-item'>\n\t\t\t<dt class='gallery-icon portrait'>\n\t\t\t\t<a href='https:\/\/www.sudoestehoje.com.br\/novoportal\/2021\/09\/16\/e-amanha-a-mega-inauguracao-da-moveis-simonetti-em-itapetinga-a-loja-sera-aberta-as-7h-da-manha\/simonetti-9\/'><img loading=\"lazy\" decoding=\"async\" width=\"150\" height=\"150\" src=\"https:\/\/www.sudoestehoje.com.br\/novoportal\/wp-content\/uploads\/2021\/09\/SIMONETTI-9-150x150.jpeg\" class=\"attachment-thumbnail size-thumbnail\" alt=\"\" \/><\/a>\n\t\t\t<\/dt><\/dl><dl class='gallery-item'>\n\t\t\t<dt class='gallery-icon portrait'>\n\t\t\t\t<a href='https:\/\/www.sudoestehoje.com.br\/novoportal\/2021\/09\/16\/e-amanha-a-mega-inauguracao-da-moveis-simonetti-em-itapetinga-a-loja-sera-aberta-as-7h-da-manha\/simonetti-10\/'><img loading=\"lazy\" decoding=\"async\" width=\"150\" height=\"150\" src=\"https:\/\/www.sudoestehoje.com.br\/novoportal\/wp-content\/uploads\/2021\/09\/SIMONETTI-10-150x150.jpeg\" class=\"attachment-thumbnail size-thumbnail\" alt=\"\" \/><\/a>\n\t\t\t<\/dt><\/dl><br style=\"clear: both\" \/>\n\t\t<\/div>\n\n","protected":false},"excerpt":{"rendered":"<p>A M\u00f3veis Simonetti garante 12 horas de vendas ininterruptas nesta sexta feira. A loja vai abrir as 7 horas da manh\u00e3 pontualmente e encerra as vendas as 19 horas! A popula\u00e7\u00e3o aguarda ansiosa pela abertura oficial da M\u00f3veis Simonetti. Lavadora 10 kilos, por 379 reais! Guarda Roupa 6 Portas, por 499! Fritadeira Ayr Fry, por [&hellip;]<\/p>\n","protected":false},"author":2,"featured_media":97049,"comment_status":"open","ping_status":"open","sticky":false,"template":"","format":"standard","meta":{"footnotes":"","_links_to":"","_links_to_target":""},"categories":[1],"tags":[],"class_list":["post-97042","post","type-post","status-publish","format-standard","has-post-thumbnail","hentry","category-geral"],"views":1070,"_links":{"self":[{"href":"https:\/\/www.sudoestehoje.com.br\/novoportal\/wp-json\/wp\/v2\/posts\/97042","targetHints":{"allow":["GET"]}}],"collection":[{"href":"https:\/\/www.sudoestehoje.com.br\/novoportal\/wp-json\/wp\/v2\/posts"}],"about":[{"href":"https:\/\/www.sudoestehoje.com.br\/novoportal\/wp-json\/wp\/v2\/types\/post"}],"author":[{"embeddable":true,"href":"https:\/\/www.sudoestehoje.com.br\/novoportal\/wp-json\/wp\/v2\/users\/2"}],"replies":[{"embeddable":true,"href":"https:\/\/www.sudoestehoje.com.br\/novoportal\/wp-json\/wp\/v2\/comments?post=97042"}],"version-history":[{"count":4,"href":"https:\/\/www.sudoestehoje.com.br\/novoportal\/wp-json\/wp\/v2\/posts\/97042\/revisions"}],"predecessor-version":[{"id":97051,"href":"https:\/\/www.sudoestehoje.com.br\/novoportal\/wp-json\/wp\/v2\/posts\/97042\/revisions\/97051"}],"wp:featuredmedia":[{"embeddable":true,"href":"https:\/\/www.sudoestehoje.com.br\/novoportal\/wp-json\/wp\/v2\/media\/97049"}],"wp:attachment":[{"href":"https:\/\/www.sudoestehoje.com.br\/novoportal\/wp-json\/wp\/v2\/media?parent=97042"}],"wp:term":[{"taxonomy":"category","embeddable":true,"href":"https:\/\/www.sudoestehoje.com.br\/novoportal\/wp-json\/wp\/v2\/categories?post=97042"},{"taxonomy":"post_tag","embeddable":true,"href":"https:\/\/www.sudoestehoje.com.br\/novoportal\/wp-json\/wp\/v2\/tags?post=97042"}],"curies":[{"name":"wp","href":"https:\/\/api.w.org\/{rel}","templated":true}]}}