
{"id":97038,"date":"2021-09-15T20:55:06","date_gmt":"2021-09-15T23:55:06","guid":{"rendered":"https:\/\/www.sudoestehoje.com.br\/novoportal\/?p=97038"},"modified":"2021-09-15T20:55:06","modified_gmt":"2021-09-15T23:55:06","slug":"itororo-ex-prefeito-marco-brito-e-nomeado-para-cargo-em-secretaria-do-governo","status":"publish","type":"post","link":"https:\/\/www.sudoestehoje.com.br\/novoportal\/2021\/09\/15\/itororo-ex-prefeito-marco-brito-e-nomeado-para-cargo-em-secretaria-do-governo\/","title":{"rendered":"ITOROR\u00d3: EX-PREFEITO MARCO BRITO \u00c9 NOMEADO PARA CARGO EM SECRETARIA DO GOVERNO"},"content":{"rendered":"<p><a href=\"https:\/\/www.sudoestehoje.com.br\/novoportal\/wp-content\/uploads\/2021\/09\/MARCO-BRITO.jpg\"><img loading=\"lazy\" decoding=\"async\" class=\"aligncenter  wp-image-97039\" src=\"https:\/\/www.sudoestehoje.com.br\/novoportal\/wp-content\/uploads\/2021\/09\/MARCO-BRITO.jpg\" alt=\"\" width=\"501\" height=\"369\" \/><\/a><\/p>\n<p>O governador Rui Costa (PT) nomeou o ex-prefeito de Itoror\u00f3, Marco Brito, para ocupar cargo no governo, conforme o Di\u00e1rio Oficial desta quarta-feira (14).<\/p>\n<p>Marco Ant\u00f4nio Lacerda Brito ser\u00e1 diretor de Acompanhamento de Programas e Projetos Habitacionais da Superintend\u00eancia de Habita\u00e7\u00e3o, da Secretaria de Desenvolvimento Urbano (SEDUR).<\/p>\n<p>Marco \u00e9 irm\u00e3o do deputado federal S\u00e9rgio Brito, atual presidente do PSD de Salvador.<\/p>\n<p><em>Reda\u00e7\u00e3o<\/em><\/p>\n","protected":false},"excerpt":{"rendered":"<p>O governador Rui Costa (PT) nomeou o ex-prefeito de Itoror\u00f3, Marco Brito, para ocupar cargo no governo, conforme o Di\u00e1rio Oficial desta quarta-feira (14). Marco Ant\u00f4nio Lacerda Brito ser\u00e1 diretor de Acompanhamento de Programas e Projetos Habitacionais da Superintend\u00eancia de Habita\u00e7\u00e3o, da Secretaria de Desenvolvimento Urbano (SEDUR). Marco \u00e9 irm\u00e3o do deputado federal S\u00e9rgio Brito, [&hellip;]<\/p>\n","protected":false},"author":2,"featured_media":97039,"comment_status":"open","ping_status":"open","sticky":false,"template":"","format":"standard","meta":{"footnotes":"","_links_to":"","_links_to_target":""},"categories":[1],"tags":[],"class_list":["post-97038","post","type-post","status-publish","format-standard","has-post-thumbnail","hentry","category-geral"],"views":1176,"_links":{"self":[{"href":"https:\/\/www.sudoestehoje.com.br\/novoportal\/wp-json\/wp\/v2\/posts\/97038","targetHints":{"allow":["GET"]}}],"collection":[{"href":"https:\/\/www.sudoestehoje.com.br\/novoportal\/wp-json\/wp\/v2\/posts"}],"about":[{"href":"https:\/\/www.sudoestehoje.com.br\/novoportal\/wp-json\/wp\/v2\/types\/post"}],"author":[{"embeddable":true,"href":"https:\/\/www.sudoestehoje.com.br\/novoportal\/wp-json\/wp\/v2\/users\/2"}],"replies":[{"embeddable":true,"href":"https:\/\/www.sudoestehoje.com.br\/novoportal\/wp-json\/wp\/v2\/comments?post=97038"}],"version-history":[{"count":2,"href":"https:\/\/www.sudoestehoje.com.br\/novoportal\/wp-json\/wp\/v2\/posts\/97038\/revisions"}],"predecessor-version":[{"id":97041,"href":"https:\/\/www.sudoestehoje.com.br\/novoportal\/wp-json\/wp\/v2\/posts\/97038\/revisions\/97041"}],"wp:featuredmedia":[{"embeddable":true,"href":"https:\/\/www.sudoestehoje.com.br\/novoportal\/wp-json\/wp\/v2\/media\/97039"}],"wp:attachment":[{"href":"https:\/\/www.sudoestehoje.com.br\/novoportal\/wp-json\/wp\/v2\/media?parent=97038"}],"wp:term":[{"taxonomy":"category","embeddable":true,"href":"https:\/\/www.sudoestehoje.com.br\/novoportal\/wp-json\/wp\/v2\/categories?post=97038"},{"taxonomy":"post_tag","embeddable":true,"href":"https:\/\/www.sudoestehoje.com.br\/novoportal\/wp-json\/wp\/v2\/tags?post=97038"}],"curies":[{"name":"wp","href":"https:\/\/api.w.org\/{rel}","templated":true}]}}