
{"id":97031,"date":"2021-09-15T18:44:10","date_gmt":"2021-09-15T21:44:10","guid":{"rendered":"https:\/\/www.sudoestehoje.com.br\/novoportal\/?p=97031"},"modified":"2021-09-15T18:46:52","modified_gmt":"2021-09-15T21:46:52","slug":"itapetinga-prefeitura-manda-remover-cerca-em-calcada-no-centro-da-cidade","status":"publish","type":"post","link":"https:\/\/www.sudoestehoje.com.br\/novoportal\/2021\/09\/15\/itapetinga-prefeitura-manda-remover-cerca-em-calcada-no-centro-da-cidade\/","title":{"rendered":"ITAPETINGA: PREFEITURA MANDA REMOVER CERCA EM CAL\u00c7ADA NO CENTRO DA CIDADE"},"content":{"rendered":"<p><a href=\"https:\/\/www.sudoestehoje.com.br\/novoportal\/wp-content\/uploads\/2021\/09\/cerca-cal\u00e7ada.jpeg\"><img loading=\"lazy\" decoding=\"async\" class=\"aligncenter size-medium wp-image-97032\" src=\"https:\/\/www.sudoestehoje.com.br\/novoportal\/wp-content\/uploads\/2021\/09\/cerca-cal\u00e7ada-500x375.jpeg\" alt=\"\" width=\"500\" height=\"375\" srcset=\"https:\/\/www.sudoestehoje.com.br\/novoportal\/wp-content\/uploads\/2021\/09\/cerca-cal\u00e7ada-500x375.jpeg 500w, https:\/\/www.sudoestehoje.com.br\/novoportal\/wp-content\/uploads\/2021\/09\/cerca-cal\u00e7ada-700x525.jpeg 700w, https:\/\/www.sudoestehoje.com.br\/novoportal\/wp-content\/uploads\/2021\/09\/cerca-cal\u00e7ada-768x576.jpeg 768w, https:\/\/www.sudoestehoje.com.br\/novoportal\/wp-content\/uploads\/2021\/09\/cerca-cal\u00e7ada-1536x1152.jpeg 1536w, https:\/\/www.sudoestehoje.com.br\/novoportal\/wp-content\/uploads\/2021\/09\/cerca-cal\u00e7ada.jpeg 1600w\" sizes=\"auto, (max-width: 500px) 100vw, 500px\" \/><\/a><\/p>\n<p>Na \u00faltima segunda-feira (13), o <em><strong>Sudoeste Hoje<\/strong><\/em> postou mat\u00e9ria denunciando um cercado em uma cal\u00e7ada, na Avenida Pomp\u00edlio Espinheira, regi\u00e3o central de Itapetinga, que atrapalhava a mobilidade urbana, for\u00e7ando pedestres a circularem pelo meio da rua.<\/p>\n<p>Ao tomar conhecimento da irregularidade, atrav\u00e9s do Blog, a Secretaria Municipal de Infraestrutura e Servi\u00e7os P\u00fablicos providenciou a imediata remo\u00e7\u00e3o, liberando a cal\u00e7ada, para a livre circula\u00e7\u00e3o das pessoas.<\/p>\n<p><a href=\"https:\/\/www.sudoestehoje.com.br\/novoportal\/wp-content\/uploads\/2021\/09\/cerca-2-2.jpeg\"><img loading=\"lazy\" decoding=\"async\" class=\"aligncenter size-medium wp-image-97033\" src=\"https:\/\/www.sudoestehoje.com.br\/novoportal\/wp-content\/uploads\/2021\/09\/cerca-2-2-500x375.jpeg\" alt=\"\" width=\"500\" height=\"375\" srcset=\"https:\/\/www.sudoestehoje.com.br\/novoportal\/wp-content\/uploads\/2021\/09\/cerca-2-2-500x375.jpeg 500w, https:\/\/www.sudoestehoje.com.br\/novoportal\/wp-content\/uploads\/2021\/09\/cerca-2-2-700x525.jpeg 700w, https:\/\/www.sudoestehoje.com.br\/novoportal\/wp-content\/uploads\/2021\/09\/cerca-2-2-768x576.jpeg 768w, https:\/\/www.sudoestehoje.com.br\/novoportal\/wp-content\/uploads\/2021\/09\/cerca-2-2-1536x1152.jpeg 1536w, https:\/\/www.sudoestehoje.com.br\/novoportal\/wp-content\/uploads\/2021\/09\/cerca-2-2.jpeg 1600w\" sizes=\"auto, (max-width: 500px) 100vw, 500px\" \/><\/a><\/p>\n<p>Vale lembrar que as cal\u00e7adas s\u00e3o p\u00fablicas e n\u00e3o de propriedade dos donos dos im\u00f3veis, que precisam seguir as normas previstas nos C\u00f3digo de Obras do Munic\u00edpio, quando forem erguer tapumes e estocar material. durante obras, deixando uma faixa m\u00ednima de meio metro para circula\u00e7\u00e3o de pedestres.<\/p>\n<p>A popula\u00e7\u00e3o agradece.<\/p>\n<p><strong><em>Por Davi Ferraz<\/em><\/strong><\/p>\n","protected":false},"excerpt":{"rendered":"<p>Na \u00faltima segunda-feira (13), o Sudoeste Hoje postou mat\u00e9ria denunciando um cercado em uma cal\u00e7ada, na Avenida Pomp\u00edlio Espinheira, regi\u00e3o central de Itapetinga, que atrapalhava a mobilidade urbana, for\u00e7ando pedestres a circularem pelo meio da rua. Ao tomar conhecimento da irregularidade, atrav\u00e9s do Blog, a Secretaria Municipal de Infraestrutura e Servi\u00e7os P\u00fablicos providenciou a imediata [&hellip;]<\/p>\n","protected":false},"author":2,"featured_media":97032,"comment_status":"open","ping_status":"open","sticky":false,"template":"","format":"standard","meta":{"footnotes":"","_links_to":"","_links_to_target":""},"categories":[1],"tags":[],"class_list":["post-97031","post","type-post","status-publish","format-standard","has-post-thumbnail","hentry","category-geral"],"views":1114,"_links":{"self":[{"href":"https:\/\/www.sudoestehoje.com.br\/novoportal\/wp-json\/wp\/v2\/posts\/97031","targetHints":{"allow":["GET"]}}],"collection":[{"href":"https:\/\/www.sudoestehoje.com.br\/novoportal\/wp-json\/wp\/v2\/posts"}],"about":[{"href":"https:\/\/www.sudoestehoje.com.br\/novoportal\/wp-json\/wp\/v2\/types\/post"}],"author":[{"embeddable":true,"href":"https:\/\/www.sudoestehoje.com.br\/novoportal\/wp-json\/wp\/v2\/users\/2"}],"replies":[{"embeddable":true,"href":"https:\/\/www.sudoestehoje.com.br\/novoportal\/wp-json\/wp\/v2\/comments?post=97031"}],"version-history":[{"count":4,"href":"https:\/\/www.sudoestehoje.com.br\/novoportal\/wp-json\/wp\/v2\/posts\/97031\/revisions"}],"predecessor-version":[{"id":97037,"href":"https:\/\/www.sudoestehoje.com.br\/novoportal\/wp-json\/wp\/v2\/posts\/97031\/revisions\/97037"}],"wp:featuredmedia":[{"embeddable":true,"href":"https:\/\/www.sudoestehoje.com.br\/novoportal\/wp-json\/wp\/v2\/media\/97032"}],"wp:attachment":[{"href":"https:\/\/www.sudoestehoje.com.br\/novoportal\/wp-json\/wp\/v2\/media?parent=97031"}],"wp:term":[{"taxonomy":"category","embeddable":true,"href":"https:\/\/www.sudoestehoje.com.br\/novoportal\/wp-json\/wp\/v2\/categories?post=97031"},{"taxonomy":"post_tag","embeddable":true,"href":"https:\/\/www.sudoestehoje.com.br\/novoportal\/wp-json\/wp\/v2\/tags?post=97031"}],"curies":[{"name":"wp","href":"https:\/\/api.w.org\/{rel}","templated":true}]}}