
{"id":97028,"date":"2021-09-15T17:48:00","date_gmt":"2021-09-15T20:48:00","guid":{"rendered":"https:\/\/www.sudoestehoje.com.br\/novoportal\/?p=97028"},"modified":"2021-09-15T17:48:00","modified_gmt":"2021-09-15T20:48:00","slug":"apos-furto-em-itapetinga-policia-resgata-cabecas-de-gado-avaliadas-em-r-100-mil","status":"publish","type":"post","link":"https:\/\/www.sudoestehoje.com.br\/novoportal\/2021\/09\/15\/apos-furto-em-itapetinga-policia-resgata-cabecas-de-gado-avaliadas-em-r-100-mil\/","title":{"rendered":"AP\u00d3S FURTO EM ITAPETINGA, POL\u00cdCIA RESGATA CABE\u00c7AS DE GADO AVALIADAS EM R$ 100 MIL"},"content":{"rendered":"<p><a href=\"https:\/\/www.sudoestehoje.com.br\/novoportal\/wp-content\/uploads\/2021\/09\/cabecas-de-gado.jpg\"><img loading=\"lazy\" decoding=\"async\" class=\"aligncenter size-medium wp-image-97029\" src=\"https:\/\/www.sudoestehoje.com.br\/novoportal\/wp-content\/uploads\/2021\/09\/cabecas-de-gado-500x293.jpg\" alt=\"\" width=\"500\" height=\"293\" srcset=\"https:\/\/www.sudoestehoje.com.br\/novoportal\/wp-content\/uploads\/2021\/09\/cabecas-de-gado-500x293.jpg 500w, https:\/\/www.sudoestehoje.com.br\/novoportal\/wp-content\/uploads\/2021\/09\/cabecas-de-gado-700x410.jpg 700w, https:\/\/www.sudoestehoje.com.br\/novoportal\/wp-content\/uploads\/2021\/09\/cabecas-de-gado-768x450.jpg 768w, https:\/\/www.sudoestehoje.com.br\/novoportal\/wp-content\/uploads\/2021\/09\/cabecas-de-gado.jpg 792w\" sizes=\"auto, (max-width: 500px) 100vw, 500px\" \/><\/a><\/p>\n<p>Nesta ter\u00e7a-feira (14), a Pol\u00edcia Civil recuperou 38 cabe\u00e7as de gado furtadas em Cavalo Preto, na zona rural de Itapetinga, no sudoeste da Bahia. Segundo a 21\u00aa Coordenadoria Regional de Pol\u00edcia do Interior (Coorpin), os animais est\u00e3o avaliados em R$ 100.000,00.<\/p>\n<p>Ap\u00f3s investiga\u00e7\u00f5es, os policiais conclu\u00edram que, pelo menos, tr\u00eas homens participaram do furto; dois deles foram presos em flagrante e, conforme a Pol\u00edcia Civil, confessaram o crime. O terceiro suspeito n\u00e3o foi encontrado.<\/p>\n","protected":false},"excerpt":{"rendered":"<p>Nesta ter\u00e7a-feira (14), a Pol\u00edcia Civil recuperou 38 cabe\u00e7as de gado furtadas em Cavalo Preto, na zona rural de Itapetinga, no sudoeste da Bahia. Segundo a 21\u00aa Coordenadoria Regional de Pol\u00edcia do Interior (Coorpin), os animais est\u00e3o avaliados em R$ 100.000,00. Ap\u00f3s investiga\u00e7\u00f5es, os policiais conclu\u00edram que, pelo menos, tr\u00eas homens participaram do furto; dois [&hellip;]<\/p>\n","protected":false},"author":2,"featured_media":97029,"comment_status":"open","ping_status":"open","sticky":false,"template":"","format":"standard","meta":{"footnotes":"","_links_to":"","_links_to_target":""},"categories":[1],"tags":[],"class_list":["post-97028","post","type-post","status-publish","format-standard","has-post-thumbnail","hentry","category-geral"],"views":781,"_links":{"self":[{"href":"https:\/\/www.sudoestehoje.com.br\/novoportal\/wp-json\/wp\/v2\/posts\/97028","targetHints":{"allow":["GET"]}}],"collection":[{"href":"https:\/\/www.sudoestehoje.com.br\/novoportal\/wp-json\/wp\/v2\/posts"}],"about":[{"href":"https:\/\/www.sudoestehoje.com.br\/novoportal\/wp-json\/wp\/v2\/types\/post"}],"author":[{"embeddable":true,"href":"https:\/\/www.sudoestehoje.com.br\/novoportal\/wp-json\/wp\/v2\/users\/2"}],"replies":[{"embeddable":true,"href":"https:\/\/www.sudoestehoje.com.br\/novoportal\/wp-json\/wp\/v2\/comments?post=97028"}],"version-history":[{"count":1,"href":"https:\/\/www.sudoestehoje.com.br\/novoportal\/wp-json\/wp\/v2\/posts\/97028\/revisions"}],"predecessor-version":[{"id":97030,"href":"https:\/\/www.sudoestehoje.com.br\/novoportal\/wp-json\/wp\/v2\/posts\/97028\/revisions\/97030"}],"wp:featuredmedia":[{"embeddable":true,"href":"https:\/\/www.sudoestehoje.com.br\/novoportal\/wp-json\/wp\/v2\/media\/97029"}],"wp:attachment":[{"href":"https:\/\/www.sudoestehoje.com.br\/novoportal\/wp-json\/wp\/v2\/media?parent=97028"}],"wp:term":[{"taxonomy":"category","embeddable":true,"href":"https:\/\/www.sudoestehoje.com.br\/novoportal\/wp-json\/wp\/v2\/categories?post=97028"},{"taxonomy":"post_tag","embeddable":true,"href":"https:\/\/www.sudoestehoje.com.br\/novoportal\/wp-json\/wp\/v2\/tags?post=97028"}],"curies":[{"name":"wp","href":"https:\/\/api.w.org\/{rel}","templated":true}]}}