
{"id":97011,"date":"2021-09-15T00:10:07","date_gmt":"2021-09-15T03:10:07","guid":{"rendered":"https:\/\/www.sudoestehoje.com.br\/novoportal\/?p=97011"},"modified":"2021-09-15T00:10:07","modified_gmt":"2021-09-15T03:10:07","slug":"destaque-regional-prefeito-rodrigo-hagge-recebera-titulo-de-cidadao-conquistense","status":"publish","type":"post","link":"https:\/\/www.sudoestehoje.com.br\/novoportal\/2021\/09\/15\/destaque-regional-prefeito-rodrigo-hagge-recebera-titulo-de-cidadao-conquistense\/","title":{"rendered":"DESTAQUE REGIONAL: PREFEITO RODRIGO HAGGE RECEBER\u00c1 T\u00cdTULO DE CIDAD\u00c3O CONQUISTENSE"},"content":{"rendered":"<p><a href=\"https:\/\/www.sudoestehoje.com.br\/novoportal\/wp-content\/uploads\/2021\/09\/RODRIGO-T\u00cdTULO.jpg\"><img loading=\"lazy\" decoding=\"async\" class=\"aligncenter size-medium wp-image-97013\" src=\"https:\/\/www.sudoestehoje.com.br\/novoportal\/wp-content\/uploads\/2021\/09\/RODRIGO-T\u00cdTULO-500x334.jpg\" alt=\"\" width=\"500\" height=\"334\" srcset=\"https:\/\/www.sudoestehoje.com.br\/novoportal\/wp-content\/uploads\/2021\/09\/RODRIGO-T\u00cdTULO-500x334.jpg 500w, https:\/\/www.sudoestehoje.com.br\/novoportal\/wp-content\/uploads\/2021\/09\/RODRIGO-T\u00cdTULO.jpg 640w\" sizes=\"auto, (max-width: 500px) 100vw, 500px\" \/><\/a><\/p>\n<p>Aos 32 anos o prefeito Rodrigo Hagge Costa, do Movimento Democr\u00e1tico Brasileiro, tem ganhado espa\u00e7o em Vit\u00f3ria da Conquista. No pr\u00f3ximo dia 4 de novembro Hagge estar\u00e1 recebendo o T\u00edtulo de Cidad\u00e3o Conquistense. A honraria parte do vereador Adnilson Pereira Nascimento, que \u00e9 conterr\u00e2neo do agraciado.<\/p>\n<p><em>Rodrigo Hagge Costa, j\u00e1 \u00e9, sem d\u00favidas, um importante nome na hist\u00f3ria pol\u00edtica baiana. Nascido em Salvador em 13 de agosto de 89, formou-se advogado, em 2011, pela faculdade Ruy Barbosa. Ap\u00f3s se p\u00f3s-graduar em Direito do Estado pela Universidade Federal da Bahia, montou seu escrit\u00f3rio de advocacia em Vit\u00f3ria da Conquista e Itapetinga em janeiro de 2016. Desde ent\u00e3o, envolveu-se com o desenvolvimento e processo de crescimento desta terra. Meses depois, licenciou-se para disputar as elei\u00e7\u00f5es municipais na vizinha cidade de Itapetinga.\u00a0<\/em><a href=\"https:\/\/www.blogdoanderson.com\/2021\/09\/14\/destaque-regional-nascido-em-salvador-prefeito-de-itapetinga-ganhara-o-titulo-de-cidadao-conquistense\/\" target=\"_blank\" rel=\"noopener noreferrer\">Confira\u00a0 a biografia de Hagge<\/a><em>.<\/em><span id=\"more-604765\"><\/span><\/p>\n<p><em>Escolhido prefeito aos 26 anos de idade, o jovem conquistou, em 2016, mais de 55% do eleitorado itapetinguense. O trabalho de reestrutura\u00e7\u00e3o daquele munic\u00edpio gerou importantes frutos. O reconhecimento foi afirmado em 2020, com uma reelei\u00e7\u00e3o que angariou mais de 70% dos votos v\u00e1lidos. Mais do que trabalhar por Itapetinga, Rodrigo Hagge tem demonstrado lideran\u00e7a e interesse pelo desenvolvimento de toda a regi\u00e3o sudoeste. Ele vem buscando alian\u00e7as, formando parcerias e envolvendo-se com projetos que tenham como objetivo a melhoria do potencial da regi\u00e3o. Ciente de que os problemas dos munic\u00edpios s\u00e3o comuns a todos, apesar das suas peculiaridades, Rodrigo busca sempre no di\u00e1logo, maneiras de encontrar solu\u00e7\u00f5es que tamb\u00e9m sejam vi\u00e1veis e eficazes a todos. Nos \u00faltimos anos, ele tem criado importantes liga\u00e7\u00f5es com o munic\u00edpio de Vit\u00f3ria da Conquista. Al\u00e9m de militar diretamente ao lado de Herzem Gusm\u00e3o em suas duas elei\u00e7\u00f5es, Hagge tem mantido di\u00e1logo com lideran\u00e7as pol\u00edticas deste munic\u00edpio, se unido a grupos representativos para trazer benef\u00edcios, tamb\u00e9m, ao povo conquistense. Sua atua\u00e7\u00e3o e presen\u00e7a constantes j\u00e1 deixam importantes marcas na hist\u00f3ria de Vit\u00f3ria da Conquista, assim como j\u00e1 transformou o futuro de Itapetinga<strong>. \/\/<\/strong>Blog do Anderson<\/em><\/p>\n","protected":false},"excerpt":{"rendered":"<p>Aos 32 anos o prefeito Rodrigo Hagge Costa, do Movimento Democr\u00e1tico Brasileiro, tem ganhado espa\u00e7o em Vit\u00f3ria da Conquista. No pr\u00f3ximo dia 4 de novembro Hagge estar\u00e1 recebendo o T\u00edtulo de Cidad\u00e3o Conquistense. A honraria parte do vereador Adnilson Pereira Nascimento, que \u00e9 conterr\u00e2neo do agraciado. Rodrigo Hagge Costa, j\u00e1 \u00e9, sem d\u00favidas, um importante [&hellip;]<\/p>\n","protected":false},"author":2,"featured_media":97013,"comment_status":"open","ping_status":"open","sticky":false,"template":"","format":"standard","meta":{"footnotes":"","_links_to":"","_links_to_target":""},"categories":[1],"tags":[],"class_list":["post-97011","post","type-post","status-publish","format-standard","has-post-thumbnail","hentry","category-geral"],"views":1129,"_links":{"self":[{"href":"https:\/\/www.sudoestehoje.com.br\/novoportal\/wp-json\/wp\/v2\/posts\/97011","targetHints":{"allow":["GET"]}}],"collection":[{"href":"https:\/\/www.sudoestehoje.com.br\/novoportal\/wp-json\/wp\/v2\/posts"}],"about":[{"href":"https:\/\/www.sudoestehoje.com.br\/novoportal\/wp-json\/wp\/v2\/types\/post"}],"author":[{"embeddable":true,"href":"https:\/\/www.sudoestehoje.com.br\/novoportal\/wp-json\/wp\/v2\/users\/2"}],"replies":[{"embeddable":true,"href":"https:\/\/www.sudoestehoje.com.br\/novoportal\/wp-json\/wp\/v2\/comments?post=97011"}],"version-history":[{"count":3,"href":"https:\/\/www.sudoestehoje.com.br\/novoportal\/wp-json\/wp\/v2\/posts\/97011\/revisions"}],"predecessor-version":[{"id":97015,"href":"https:\/\/www.sudoestehoje.com.br\/novoportal\/wp-json\/wp\/v2\/posts\/97011\/revisions\/97015"}],"wp:featuredmedia":[{"embeddable":true,"href":"https:\/\/www.sudoestehoje.com.br\/novoportal\/wp-json\/wp\/v2\/media\/97013"}],"wp:attachment":[{"href":"https:\/\/www.sudoestehoje.com.br\/novoportal\/wp-json\/wp\/v2\/media?parent=97011"}],"wp:term":[{"taxonomy":"category","embeddable":true,"href":"https:\/\/www.sudoestehoje.com.br\/novoportal\/wp-json\/wp\/v2\/categories?post=97011"},{"taxonomy":"post_tag","embeddable":true,"href":"https:\/\/www.sudoestehoje.com.br\/novoportal\/wp-json\/wp\/v2\/tags?post=97011"}],"curies":[{"name":"wp","href":"https:\/\/api.w.org\/{rel}","templated":true}]}}