
{"id":97002,"date":"2021-09-14T22:52:01","date_gmt":"2021-09-15T01:52:01","guid":{"rendered":"https:\/\/www.sudoestehoje.com.br\/novoportal\/?p=97002"},"modified":"2021-09-14T22:52:01","modified_gmt":"2021-09-15T01:52:01","slug":"pele-tem-alta-da-uti-e-segue-em-recuperacao-no-hospital-albert-einstein-em-sao-paulo","status":"publish","type":"post","link":"https:\/\/www.sudoestehoje.com.br\/novoportal\/2021\/09\/14\/pele-tem-alta-da-uti-e-segue-em-recuperacao-no-hospital-albert-einstein-em-sao-paulo\/","title":{"rendered":"PEL\u00c9 TEM ALTA DA UTI E SEGUE EM RECUPERA\u00c7\u00c3O NO HOSPITAL ALBERT EINSTEIN EM S\u00c3O PAULO"},"content":{"rendered":"<p><a href=\"https:\/\/www.sudoestehoje.com.br\/novoportal\/wp-content\/uploads\/2021\/09\/pele-1-1000x530-1.jpg\"><img loading=\"lazy\" decoding=\"async\" class=\"aligncenter size-medium wp-image-97004\" src=\"https:\/\/www.sudoestehoje.com.br\/novoportal\/wp-content\/uploads\/2021\/09\/pele-1-1000x530-1-500x265.jpg\" alt=\"\" width=\"500\" height=\"265\" srcset=\"https:\/\/www.sudoestehoje.com.br\/novoportal\/wp-content\/uploads\/2021\/09\/pele-1-1000x530-1-500x265.jpg 500w, https:\/\/www.sudoestehoje.com.br\/novoportal\/wp-content\/uploads\/2021\/09\/pele-1-1000x530-1-700x371.jpg 700w, https:\/\/www.sudoestehoje.com.br\/novoportal\/wp-content\/uploads\/2021\/09\/pele-1-1000x530-1-768x407.jpg 768w, https:\/\/www.sudoestehoje.com.br\/novoportal\/wp-content\/uploads\/2021\/09\/pele-1-1000x530-1.jpg 1000w\" sizes=\"auto, (max-width: 500px) 100vw, 500px\" \/><\/a><\/p>\n<p>O tricampe\u00e3o de futebol Edson Arantes do Nascimento, conhecido como Rei Pel\u00e9, recebeu alta da Unidade de Terapia Intensiva (UTI), mas continua em recupera\u00e7\u00e3o no Hospital Albert Einstein, na capital paulista. Segundo boletim m\u00e9dico divulgado na tarde de hoje (14), o ex-jogador \u201capresenta boa condi\u00e7\u00e3o cl\u00ednica\u201d.<\/p>\n<p>No dia 4 deste m\u00eas, Pel\u00e9 foi submetido a uma cirurgia para retirada de um tumor no c\u00f3lon direito, descoberto durante exames cardiovasculares e laboratoriais de rotina, e o material retirado foi encaminhado para an\u00e1lise patol\u00f3gica.<\/p>\n<p>Inicialmente, a previs\u00e3o era que o ex-jogador, que tem 80 anos, recebesse alta da UTI no dia 7.<\/p>\n<p>Na \u00faltima sexta-feira (10), Pel\u00e9 informou, pelo Instagram, que se sentia melhor a cada dia. \u201cMeus amigos, a cada dia que passa eu me sinto um pouco melhor. Estou ansioso para voltar a jogar, mas ainda vou me recuperar por mais alguns dias. Enquanto estou por aqui, aproveito para conversar muito com minha fam\u00edlia e para descansar. Obrigado novamente por todas mensagens de carinho. Logo mais estaremos juntos novamente!\u201d, disse o tricampe\u00e3o na mensagem. As informa\u00e7\u00f5es s\u00e3o da\u00a0<em>Ag\u00eancia Brasil.<\/em><\/p>\n","protected":false},"excerpt":{"rendered":"<p>O tricampe\u00e3o de futebol Edson Arantes do Nascimento, conhecido como Rei Pel\u00e9, recebeu alta da Unidade de Terapia Intensiva (UTI), mas continua em recupera\u00e7\u00e3o no Hospital Albert Einstein, na capital paulista. Segundo boletim m\u00e9dico divulgado na tarde de hoje (14), o ex-jogador \u201capresenta boa condi\u00e7\u00e3o cl\u00ednica\u201d. No dia 4 deste m\u00eas, Pel\u00e9 foi submetido a [&hellip;]<\/p>\n","protected":false},"author":2,"featured_media":97004,"comment_status":"open","ping_status":"open","sticky":false,"template":"","format":"standard","meta":{"footnotes":"","_links_to":"","_links_to_target":""},"categories":[1],"tags":[],"class_list":["post-97002","post","type-post","status-publish","format-standard","has-post-thumbnail","hentry","category-geral"],"views":1014,"_links":{"self":[{"href":"https:\/\/www.sudoestehoje.com.br\/novoportal\/wp-json\/wp\/v2\/posts\/97002","targetHints":{"allow":["GET"]}}],"collection":[{"href":"https:\/\/www.sudoestehoje.com.br\/novoportal\/wp-json\/wp\/v2\/posts"}],"about":[{"href":"https:\/\/www.sudoestehoje.com.br\/novoportal\/wp-json\/wp\/v2\/types\/post"}],"author":[{"embeddable":true,"href":"https:\/\/www.sudoestehoje.com.br\/novoportal\/wp-json\/wp\/v2\/users\/2"}],"replies":[{"embeddable":true,"href":"https:\/\/www.sudoestehoje.com.br\/novoportal\/wp-json\/wp\/v2\/comments?post=97002"}],"version-history":[{"count":3,"href":"https:\/\/www.sudoestehoje.com.br\/novoportal\/wp-json\/wp\/v2\/posts\/97002\/revisions"}],"predecessor-version":[{"id":97006,"href":"https:\/\/www.sudoestehoje.com.br\/novoportal\/wp-json\/wp\/v2\/posts\/97002\/revisions\/97006"}],"wp:featuredmedia":[{"embeddable":true,"href":"https:\/\/www.sudoestehoje.com.br\/novoportal\/wp-json\/wp\/v2\/media\/97004"}],"wp:attachment":[{"href":"https:\/\/www.sudoestehoje.com.br\/novoportal\/wp-json\/wp\/v2\/media?parent=97002"}],"wp:term":[{"taxonomy":"category","embeddable":true,"href":"https:\/\/www.sudoestehoje.com.br\/novoportal\/wp-json\/wp\/v2\/categories?post=97002"},{"taxonomy":"post_tag","embeddable":true,"href":"https:\/\/www.sudoestehoje.com.br\/novoportal\/wp-json\/wp\/v2\/tags?post=97002"}],"curies":[{"name":"wp","href":"https:\/\/api.w.org\/{rel}","templated":true}]}}