
{"id":96999,"date":"2021-09-14T22:39:33","date_gmt":"2021-09-15T01:39:33","guid":{"rendered":"https:\/\/www.sudoestehoje.com.br\/novoportal\/?p=96999"},"modified":"2021-09-14T22:39:33","modified_gmt":"2021-09-15T01:39:33","slug":"fusao-dem-psl-vai-criar-maior-forca-de-direita-na-camara-em-20-anos","status":"publish","type":"post","link":"https:\/\/www.sudoestehoje.com.br\/novoportal\/2021\/09\/14\/fusao-dem-psl-vai-criar-maior-forca-de-direita-na-camara-em-20-anos\/","title":{"rendered":"FUS\u00c3O DEM-PSL VAI CRIAR MAIOR FOR\u00c7A DE DIREITA NA C\u00c2MARA EM 20 ANOS"},"content":{"rendered":"<p><a href=\"https:\/\/www.sudoestehoje.com.br\/novoportal\/wp-content\/uploads\/2021\/09\/acm-neto-1000x530-1.jpg\"><img loading=\"lazy\" decoding=\"async\" class=\"aligncenter size-medium wp-image-97000\" src=\"https:\/\/www.sudoestehoje.com.br\/novoportal\/wp-content\/uploads\/2021\/09\/acm-neto-1000x530-1-500x265.jpg\" alt=\"\" width=\"500\" height=\"265\" srcset=\"https:\/\/www.sudoestehoje.com.br\/novoportal\/wp-content\/uploads\/2021\/09\/acm-neto-1000x530-1-500x265.jpg 500w, https:\/\/www.sudoestehoje.com.br\/novoportal\/wp-content\/uploads\/2021\/09\/acm-neto-1000x530-1-700x371.jpg 700w, https:\/\/www.sudoestehoje.com.br\/novoportal\/wp-content\/uploads\/2021\/09\/acm-neto-1000x530-1-768x407.jpg 768w, https:\/\/www.sudoestehoje.com.br\/novoportal\/wp-content\/uploads\/2021\/09\/acm-neto-1000x530-1.jpg 1000w\" sizes=\"auto, (max-width: 500px) 100vw, 500px\" \/><\/a><\/p>\n<p>A fus\u00e3o entre DEM e PSL, que est\u00e1 prestes a ser oficializada, deve criar uma megapot\u00eancia partid\u00e1ria. A nova legenda deve nascer com 81 deputados federais e conquistar o posto de maior bancada na C\u00e2mara, com for\u00e7a para decidir vota\u00e7\u00f5es importantes e ter peso significativo num eventual processo de\u00a0<em>impeachment<\/em>\u00a0do presidente Jair Bolsonaro (sem partido).<\/p>\n<p>Essa ser\u00e1 a primeira vez em vinte anos que a direita reunir\u00e1 tantos parlamentares em uma \u00fanica agremia\u00e7\u00e3o. A \u00faltima vez foi no segundo mandato de Fernando Henrique Cardoso, quando o PFL (atual DEM) elegeu 105 representantes.<\/p>\n<p>Se concretizada, a nova sigla vai desbancar o PT, que desde 2010 lidera o\u00a0<em>ranking<\/em>\u00a0de maiores bancadas na C\u00e2mara. Em 2018, foram 54 petistas eleitos. Hoje, o partido tem 53 deputados, empatado com o PSL. Mesmo que com a fus\u00e3o parlamentares bolsonaristas deixem o novo partido, como esperado, a sigla ainda sem nome seguir\u00e1 com o maior n\u00famero de deputados.<\/p>\n<p>O objetivo dos dirigentes de PSL e DEM \u00e9 usar esta megaestrutura para atrair uma candidatura \u00e0 Presid\u00eancia em 2022 capaz de rivalizar com Bolsonaro e com o ex-presidente Luiz In\u00e1cio Lula da Silva.<\/p>\n<p>O novo partido, que ainda n\u00e3o tem nome definido, tamb\u00e9m deve ser o mais rico de todos. Ter\u00e1 perto de R$ 158 milh\u00f5es por ano de fundo partid\u00e1rio, dinheiro p\u00fablico que abastece as legendas para gastos que v\u00e3o de aluguel de sede, pagamento de sal\u00e1rios, aluguel de jatinhos, entre outros.<\/p>\n<p>A nova sigla receber\u00e1 ainda, no que ano vem, a maior fatia do fundo eleitoral, cujo valor ainda deve ser fixado pelo Congresso, mas, provavelmente, ser\u00e1 superior a R$ 2,1 bilh\u00f5es. As informa\u00e7\u00f5es s\u00e3o do\u00a0<em>Estad\u00e3o<\/em>.<\/p>\n","protected":false},"excerpt":{"rendered":"<p>A fus\u00e3o entre DEM e PSL, que est\u00e1 prestes a ser oficializada, deve criar uma megapot\u00eancia partid\u00e1ria. A nova legenda deve nascer com 81 deputados federais e conquistar o posto de maior bancada na C\u00e2mara, com for\u00e7a para decidir vota\u00e7\u00f5es importantes e ter peso significativo num eventual processo de\u00a0impeachment\u00a0do presidente Jair Bolsonaro (sem partido). Essa [&hellip;]<\/p>\n","protected":false},"author":2,"featured_media":97000,"comment_status":"open","ping_status":"open","sticky":false,"template":"","format":"standard","meta":{"footnotes":"","_links_to":"","_links_to_target":""},"categories":[1],"tags":[],"class_list":["post-96999","post","type-post","status-publish","format-standard","has-post-thumbnail","hentry","category-geral"],"views":1129,"_links":{"self":[{"href":"https:\/\/www.sudoestehoje.com.br\/novoportal\/wp-json\/wp\/v2\/posts\/96999","targetHints":{"allow":["GET"]}}],"collection":[{"href":"https:\/\/www.sudoestehoje.com.br\/novoportal\/wp-json\/wp\/v2\/posts"}],"about":[{"href":"https:\/\/www.sudoestehoje.com.br\/novoportal\/wp-json\/wp\/v2\/types\/post"}],"author":[{"embeddable":true,"href":"https:\/\/www.sudoestehoje.com.br\/novoportal\/wp-json\/wp\/v2\/users\/2"}],"replies":[{"embeddable":true,"href":"https:\/\/www.sudoestehoje.com.br\/novoportal\/wp-json\/wp\/v2\/comments?post=96999"}],"version-history":[{"count":1,"href":"https:\/\/www.sudoestehoje.com.br\/novoportal\/wp-json\/wp\/v2\/posts\/96999\/revisions"}],"predecessor-version":[{"id":97001,"href":"https:\/\/www.sudoestehoje.com.br\/novoportal\/wp-json\/wp\/v2\/posts\/96999\/revisions\/97001"}],"wp:featuredmedia":[{"embeddable":true,"href":"https:\/\/www.sudoestehoje.com.br\/novoportal\/wp-json\/wp\/v2\/media\/97000"}],"wp:attachment":[{"href":"https:\/\/www.sudoestehoje.com.br\/novoportal\/wp-json\/wp\/v2\/media?parent=96999"}],"wp:term":[{"taxonomy":"category","embeddable":true,"href":"https:\/\/www.sudoestehoje.com.br\/novoportal\/wp-json\/wp\/v2\/categories?post=96999"},{"taxonomy":"post_tag","embeddable":true,"href":"https:\/\/www.sudoestehoje.com.br\/novoportal\/wp-json\/wp\/v2\/tags?post=96999"}],"curies":[{"name":"wp","href":"https:\/\/api.w.org\/{rel}","templated":true}]}}