
{"id":96979,"date":"2021-09-14T08:37:38","date_gmt":"2021-09-14T11:37:38","guid":{"rendered":"https:\/\/www.sudoestehoje.com.br\/novoportal\/?p=96979"},"modified":"2021-09-14T08:51:33","modified_gmt":"2021-09-14T11:51:33","slug":"moveis-simonetti-gera-mais-de-30-empregos-em-itapetinga-inauguracao-e-nesta-sexta","status":"publish","type":"post","link":"https:\/\/www.sudoestehoje.com.br\/novoportal\/2021\/09\/14\/moveis-simonetti-gera-mais-de-30-empregos-em-itapetinga-inauguracao-e-nesta-sexta\/","title":{"rendered":"M\u00d3VEIS SIMONETTI GERA MAIS DE 30 EMPREGOS EM ITAPETINGA; INAUGURA\u00c7\u00c3O \u00c9 NESTA SEXTA"},"content":{"rendered":"<p><a href=\"https:\/\/www.sudoestehoje.com.br\/novoportal\/wp-content\/uploads\/2021\/09\/semonetti-4.jpeg\"><img loading=\"lazy\" decoding=\"async\" class=\"aligncenter size-medium wp-image-96982\" src=\"https:\/\/www.sudoestehoje.com.br\/novoportal\/wp-content\/uploads\/2021\/09\/semonetti-4-500x375.jpeg\" alt=\"\" width=\"500\" height=\"375\" srcset=\"https:\/\/www.sudoestehoje.com.br\/novoportal\/wp-content\/uploads\/2021\/09\/semonetti-4-500x375.jpeg 500w, https:\/\/www.sudoestehoje.com.br\/novoportal\/wp-content\/uploads\/2021\/09\/semonetti-4-700x525.jpeg 700w, https:\/\/www.sudoestehoje.com.br\/novoportal\/wp-content\/uploads\/2021\/09\/semonetti-4-768x576.jpeg 768w, https:\/\/www.sudoestehoje.com.br\/novoportal\/wp-content\/uploads\/2021\/09\/semonetti-4-1536x1152.jpeg 1536w, https:\/\/www.sudoestehoje.com.br\/novoportal\/wp-content\/uploads\/2021\/09\/semonetti-4.jpeg 1600w\" sizes=\"auto, (max-width: 500px) 100vw, 500px\" \/><\/a><\/p>\n<p>Ser\u00e1 inaugurada nesta sexta-feira (17), em Itapetinga, a mais nova loja da rede M\u00d3VEIS SIMONETTI, j\u00e1 instalada em in\u00fameras cidades da Bahia, a exemplo de Vit\u00f3ria da Conquista, Eun\u00e1polis, Teixeira de Freitas, dentre outras, e tamb\u00e9m no Esp\u00edrito Santo e Minas Gerais.<\/p>\n<p><a href=\"https:\/\/www.sudoestehoje.com.br\/novoportal\/wp-content\/uploads\/2021\/09\/simonetti-5.jpeg\"><img loading=\"lazy\" decoding=\"async\" class=\"aligncenter size-medium wp-image-96983\" src=\"https:\/\/www.sudoestehoje.com.br\/novoportal\/wp-content\/uploads\/2021\/09\/simonetti-5-500x375.jpeg\" alt=\"\" width=\"500\" height=\"375\" srcset=\"https:\/\/www.sudoestehoje.com.br\/novoportal\/wp-content\/uploads\/2021\/09\/simonetti-5-500x375.jpeg 500w, https:\/\/www.sudoestehoje.com.br\/novoportal\/wp-content\/uploads\/2021\/09\/simonetti-5-700x525.jpeg 700w, https:\/\/www.sudoestehoje.com.br\/novoportal\/wp-content\/uploads\/2021\/09\/simonetti-5-768x576.jpeg 768w, https:\/\/www.sudoestehoje.com.br\/novoportal\/wp-content\/uploads\/2021\/09\/simonetti-5-1536x1152.jpeg 1536w, https:\/\/www.sudoestehoje.com.br\/novoportal\/wp-content\/uploads\/2021\/09\/simonetti-5.jpeg 1600w\" sizes=\"auto, (max-width: 500px) 100vw, 500px\" \/><\/a><\/p>\n<p>De acordo com informa\u00e7\u00f5es da Ger\u00eancia de Marketing, a nova loja de Itapetinga ir\u00e1 gerar cerca de 30 novos empregos diretos, contribuindo para o desenvolvimento da economia local e regional, j\u00e1 que outra filial ser\u00e1 tamb\u00e9m inaugurada em Itoror\u00f3.<\/p>\n<p>De acordo com informa\u00e7\u00f5es da ger\u00eancia, a loja ir\u00e1 surpreender o mercado de m\u00f3veis e eletrodom\u00e9sticos regional, pela qualidade das mercadorias e pre\u00e7os diferenciados, jamais vistos na cidade.<\/p>\n<p><a href=\"https:\/\/www.sudoestehoje.com.br\/novoportal\/wp-content\/uploads\/2021\/09\/simonetti-6.jpeg\"><img loading=\"lazy\" decoding=\"async\" class=\"aligncenter size-medium wp-image-96984\" src=\"https:\/\/www.sudoestehoje.com.br\/novoportal\/wp-content\/uploads\/2021\/09\/simonetti-6-500x375.jpeg\" alt=\"\" width=\"500\" height=\"375\" srcset=\"https:\/\/www.sudoestehoje.com.br\/novoportal\/wp-content\/uploads\/2021\/09\/simonetti-6-500x375.jpeg 500w, https:\/\/www.sudoestehoje.com.br\/novoportal\/wp-content\/uploads\/2021\/09\/simonetti-6-700x525.jpeg 700w, https:\/\/www.sudoestehoje.com.br\/novoportal\/wp-content\/uploads\/2021\/09\/simonetti-6-768x576.jpeg 768w, https:\/\/www.sudoestehoje.com.br\/novoportal\/wp-content\/uploads\/2021\/09\/simonetti-6-1536x1152.jpeg 1536w, https:\/\/www.sudoestehoje.com.br\/novoportal\/wp-content\/uploads\/2021\/09\/simonetti-6.jpeg 1600w\" sizes=\"auto, (max-width: 500px) 100vw, 500px\" \/><\/a><\/p>\n<p>A inaugura\u00e7\u00e3o est\u00e1 marcada para acontecer a partir das 7h da manh\u00e3 desta sexta-feira.<\/p>\n<p>Vale a pena conferir.<\/p>\n<div style=\"width: 352px;\" class=\"wp-video\"><!--[if lt IE 9]><script>document.createElement('video');<\/script><![endif]-->\n<video class=\"wp-video-shortcode\" id=\"video-96979-1\" width=\"352\" height=\"640\" preload=\"metadata\" controls=\"controls\"><source type=\"video\/mp4\" src=\"https:\/\/www.sudoestehoje.com.br\/novoportal\/wp-content\/uploads\/2021\/09\/simonetti-video-2.mp4?_=1\" \/><a href=\"https:\/\/www.sudoestehoje.com.br\/novoportal\/wp-content\/uploads\/2021\/09\/simonetti-video-2.mp4\">https:\/\/www.sudoestehoje.com.br\/novoportal\/wp-content\/uploads\/2021\/09\/simonetti-video-2.mp4<\/a><\/video><\/div>\n<p><strong><em>Por Davi Ferraz<\/em><\/strong><\/p>\n","protected":false},"excerpt":{"rendered":"<p>Ser\u00e1 inaugurada nesta sexta-feira (17), em Itapetinga, a mais nova loja da rede M\u00d3VEIS SIMONETTI, j\u00e1 instalada em in\u00fameras cidades da Bahia, a exemplo de Vit\u00f3ria da Conquista, Eun\u00e1polis, Teixeira de Freitas, dentre outras, e tamb\u00e9m no Esp\u00edrito Santo e Minas Gerais. De acordo com informa\u00e7\u00f5es da Ger\u00eancia de Marketing, a nova loja de Itapetinga [&hellip;]<\/p>\n","protected":false},"author":2,"featured_media":96982,"comment_status":"open","ping_status":"open","sticky":false,"template":"","format":"standard","meta":{"footnotes":"","_links_to":"","_links_to_target":""},"categories":[1],"tags":[],"class_list":["post-96979","post","type-post","status-publish","format-standard","has-post-thumbnail","hentry","category-geral"],"views":1057,"_links":{"self":[{"href":"https:\/\/www.sudoestehoje.com.br\/novoportal\/wp-json\/wp\/v2\/posts\/96979","targetHints":{"allow":["GET"]}}],"collection":[{"href":"https:\/\/www.sudoestehoje.com.br\/novoportal\/wp-json\/wp\/v2\/posts"}],"about":[{"href":"https:\/\/www.sudoestehoje.com.br\/novoportal\/wp-json\/wp\/v2\/types\/post"}],"author":[{"embeddable":true,"href":"https:\/\/www.sudoestehoje.com.br\/novoportal\/wp-json\/wp\/v2\/users\/2"}],"replies":[{"embeddable":true,"href":"https:\/\/www.sudoestehoje.com.br\/novoportal\/wp-json\/wp\/v2\/comments?post=96979"}],"version-history":[{"count":5,"href":"https:\/\/www.sudoestehoje.com.br\/novoportal\/wp-json\/wp\/v2\/posts\/96979\/revisions"}],"predecessor-version":[{"id":96988,"href":"https:\/\/www.sudoestehoje.com.br\/novoportal\/wp-json\/wp\/v2\/posts\/96979\/revisions\/96988"}],"wp:featuredmedia":[{"embeddable":true,"href":"https:\/\/www.sudoestehoje.com.br\/novoportal\/wp-json\/wp\/v2\/media\/96982"}],"wp:attachment":[{"href":"https:\/\/www.sudoestehoje.com.br\/novoportal\/wp-json\/wp\/v2\/media?parent=96979"}],"wp:term":[{"taxonomy":"category","embeddable":true,"href":"https:\/\/www.sudoestehoje.com.br\/novoportal\/wp-json\/wp\/v2\/categories?post=96979"},{"taxonomy":"post_tag","embeddable":true,"href":"https:\/\/www.sudoestehoje.com.br\/novoportal\/wp-json\/wp\/v2\/tags?post=96979"}],"curies":[{"name":"wp","href":"https:\/\/api.w.org\/{rel}","templated":true}]}}