
{"id":96970,"date":"2021-09-13T23:09:06","date_gmt":"2021-09-14T02:09:06","guid":{"rendered":"https:\/\/www.sudoestehoje.com.br\/novoportal\/?p=96970"},"modified":"2021-09-13T23:10:26","modified_gmt":"2021-09-14T02:10:26","slug":"calcada-cercada-dificulta-circulacao-de-pedestres-centro-de-itapetinga","status":"publish","type":"post","link":"https:\/\/www.sudoestehoje.com.br\/novoportal\/2021\/09\/13\/calcada-cercada-dificulta-circulacao-de-pedestres-centro-de-itapetinga\/","title":{"rendered":"CAL\u00c7ADA CERCADA DIFICULTA CIRCULA\u00c7\u00c3O DE PEDESTRES NO CENTRO DE ITAPETINGA"},"content":{"rendered":"<p><a href=\"https:\/\/www.sudoestehoje.com.br\/novoportal\/wp-content\/uploads\/2021\/09\/cerca-2-1.jpeg\"><img loading=\"lazy\" decoding=\"async\" class=\"aligncenter size-medium wp-image-96975\" src=\"https:\/\/www.sudoestehoje.com.br\/novoportal\/wp-content\/uploads\/2021\/09\/cerca-2-1-500x375.jpeg\" alt=\"\" width=\"500\" height=\"375\" srcset=\"https:\/\/www.sudoestehoje.com.br\/novoportal\/wp-content\/uploads\/2021\/09\/cerca-2-1-500x375.jpeg 500w, https:\/\/www.sudoestehoje.com.br\/novoportal\/wp-content\/uploads\/2021\/09\/cerca-2-1-700x525.jpeg 700w, https:\/\/www.sudoestehoje.com.br\/novoportal\/wp-content\/uploads\/2021\/09\/cerca-2-1-768x576.jpeg 768w, https:\/\/www.sudoestehoje.com.br\/novoportal\/wp-content\/uploads\/2021\/09\/cerca-2-1-1536x1152.jpeg 1536w, https:\/\/www.sudoestehoje.com.br\/novoportal\/wp-content\/uploads\/2021\/09\/cerca-2-1.jpeg 1600w\" sizes=\"auto, (max-width: 500px) 100vw, 500px\" \/><\/a><\/p>\n<p>Uma cal\u00e7ada, localizada em pleno centro de Itapetinga, foi cercada pelo propriet\u00e1rio de uma constru\u00e7\u00e3o, h\u00e1 v\u00e1rios meses, impedindo a circula\u00e7\u00e3o de pedestres, numa zona movimentada da cidade.<\/p>\n<p>Segundo moradores e comerciantes pr\u00f3ximos, a constru\u00e7\u00e3o foi desativada e o propriet\u00e1rio deixou de retirar o cercado que servia de tapume, o que causa transtornos a pedestres, que s\u00e3o obrigados a circular pelo meio da rua entre os carros estacionados, sob tr\u00e1fego intenso.<\/p>\n<p><a href=\"https:\/\/www.sudoestehoje.com.br\/novoportal\/wp-content\/uploads\/2021\/09\/cerca-1.jpeg\"><img loading=\"lazy\" decoding=\"async\" class=\"aligncenter size-medium wp-image-96974\" src=\"https:\/\/www.sudoestehoje.com.br\/novoportal\/wp-content\/uploads\/2021\/09\/cerca-1-500x375.jpeg\" alt=\"\" width=\"500\" height=\"375\" srcset=\"https:\/\/www.sudoestehoje.com.br\/novoportal\/wp-content\/uploads\/2021\/09\/cerca-1-500x375.jpeg 500w, https:\/\/www.sudoestehoje.com.br\/novoportal\/wp-content\/uploads\/2021\/09\/cerca-1-700x525.jpeg 700w, https:\/\/www.sudoestehoje.com.br\/novoportal\/wp-content\/uploads\/2021\/09\/cerca-1-768x576.jpeg 768w, https:\/\/www.sudoestehoje.com.br\/novoportal\/wp-content\/uploads\/2021\/09\/cerca-1-1536x1152.jpeg 1536w, https:\/\/www.sudoestehoje.com.br\/novoportal\/wp-content\/uploads\/2021\/09\/cerca-1.jpeg 1600w\" sizes=\"auto, (max-width: 500px) 100vw, 500px\" \/><\/a><\/p>\n<p>A constru\u00e7\u00e3o abandonada fica na Av. Pomp\u00edlio Espinheira, em frente ao Porto Elefantinho, regi\u00e3o central de Itapetinga.<\/p>\n<p>Moradores solicitam dos \u00f3rg\u00e3os respons\u00e1veis a remo\u00e7\u00e3o imediata da cerca, para facilitar a mobilidade e circula\u00e7\u00e3o dos pedestres.<\/p>\n<p><em><strong>Por Davi Ferraz<\/strong><\/em><\/p>\n","protected":false},"excerpt":{"rendered":"<p>Uma cal\u00e7ada, localizada em pleno centro de Itapetinga, foi cercada pelo propriet\u00e1rio de uma constru\u00e7\u00e3o, h\u00e1 v\u00e1rios meses, impedindo a circula\u00e7\u00e3o de pedestres, numa zona movimentada da cidade. Segundo moradores e comerciantes pr\u00f3ximos, a constru\u00e7\u00e3o foi desativada e o propriet\u00e1rio deixou de retirar o cercado que servia de tapume, o que causa transtornos a pedestres, [&hellip;]<\/p>\n","protected":false},"author":2,"featured_media":96975,"comment_status":"open","ping_status":"open","sticky":false,"template":"","format":"standard","meta":{"footnotes":"","_links_to":"","_links_to_target":""},"categories":[1],"tags":[],"class_list":["post-96970","post","type-post","status-publish","format-standard","has-post-thumbnail","hentry","category-geral"],"views":948,"_links":{"self":[{"href":"https:\/\/www.sudoestehoje.com.br\/novoportal\/wp-json\/wp\/v2\/posts\/96970","targetHints":{"allow":["GET"]}}],"collection":[{"href":"https:\/\/www.sudoestehoje.com.br\/novoportal\/wp-json\/wp\/v2\/posts"}],"about":[{"href":"https:\/\/www.sudoestehoje.com.br\/novoportal\/wp-json\/wp\/v2\/types\/post"}],"author":[{"embeddable":true,"href":"https:\/\/www.sudoestehoje.com.br\/novoportal\/wp-json\/wp\/v2\/users\/2"}],"replies":[{"embeddable":true,"href":"https:\/\/www.sudoestehoje.com.br\/novoportal\/wp-json\/wp\/v2\/comments?post=96970"}],"version-history":[{"count":5,"href":"https:\/\/www.sudoestehoje.com.br\/novoportal\/wp-json\/wp\/v2\/posts\/96970\/revisions"}],"predecessor-version":[{"id":96978,"href":"https:\/\/www.sudoestehoje.com.br\/novoportal\/wp-json\/wp\/v2\/posts\/96970\/revisions\/96978"}],"wp:featuredmedia":[{"embeddable":true,"href":"https:\/\/www.sudoestehoje.com.br\/novoportal\/wp-json\/wp\/v2\/media\/96975"}],"wp:attachment":[{"href":"https:\/\/www.sudoestehoje.com.br\/novoportal\/wp-json\/wp\/v2\/media?parent=96970"}],"wp:term":[{"taxonomy":"category","embeddable":true,"href":"https:\/\/www.sudoestehoje.com.br\/novoportal\/wp-json\/wp\/v2\/categories?post=96970"},{"taxonomy":"post_tag","embeddable":true,"href":"https:\/\/www.sudoestehoje.com.br\/novoportal\/wp-json\/wp\/v2\/tags?post=96970"}],"curies":[{"name":"wp","href":"https:\/\/api.w.org\/{rel}","templated":true}]}}