
{"id":96939,"date":"2021-09-12T12:07:48","date_gmt":"2021-09-12T15:07:48","guid":{"rendered":"https:\/\/www.sudoestehoje.com.br\/novoportal\/?p=96939"},"modified":"2021-09-12T12:09:48","modified_gmt":"2021-09-12T15:09:48","slug":"acm-neto-sera-secretario-geral-de-novo-partido-na-fusao-entre-dem-e-psl","status":"publish","type":"post","link":"https:\/\/www.sudoestehoje.com.br\/novoportal\/2021\/09\/12\/acm-neto-sera-secretario-geral-de-novo-partido-na-fusao-entre-dem-e-psl\/","title":{"rendered":"ACM NETO SER\u00c1 SECRET\u00c1RIO GERAL DE NOVO PARTIDO NA FUS\u00c3O ENTRE DEM E PSL"},"content":{"rendered":"<p><a href=\"https:\/\/www.sudoestehoje.com.br\/novoportal\/wp-content\/uploads\/2021\/09\/DEM-E-PSL.jpg\"><img loading=\"lazy\" decoding=\"async\" class=\"aligncenter size-medium wp-image-96940\" src=\"https:\/\/www.sudoestehoje.com.br\/novoportal\/wp-content\/uploads\/2021\/09\/DEM-E-PSL-500x281.jpg\" alt=\"\" width=\"500\" height=\"281\" srcset=\"https:\/\/www.sudoestehoje.com.br\/novoportal\/wp-content\/uploads\/2021\/09\/DEM-E-PSL-500x281.jpg 500w, https:\/\/www.sudoestehoje.com.br\/novoportal\/wp-content\/uploads\/2021\/09\/DEM-E-PSL-700x394.jpg 700w, https:\/\/www.sudoestehoje.com.br\/novoportal\/wp-content\/uploads\/2021\/09\/DEM-E-PSL-768x432.jpg 768w, https:\/\/www.sudoestehoje.com.br\/novoportal\/wp-content\/uploads\/2021\/09\/DEM-E-PSL.jpg 1280w\" sizes=\"auto, (max-width: 500px) 100vw, 500px\" \/><\/a><\/p>\n<p>Segundo a coluna Radar da revista\u00a0<em>Veja<\/em>\u00a0desta semana, o presidente nacional do DEM, ACM Neto, ser\u00e1 o secret\u00e1rio-geral do novo partido que vai surgir com a fus\u00e3o entre a sigla capitaneada pelo ex-prefeito de Salvador e o PSL. De acordo com a nota, o an\u00fancio da nova legenda sai ainda este m\u00eas.<\/p>\n<p>A publica\u00e7\u00e3o diz que o presidente nacional do novo partido ser\u00e1 o atual comandante do PSL, Luciano Bivar. A meta \u00e9 ter a maior bancada da C\u00e2mara e uma fatia gorda do fundo partid\u00e1rio.<\/p>\n<p><a href=\"https:\/\/www.sudoestehoje.com.br\/novoportal\/wp-content\/uploads\/2021\/09\/NETO-E-BIVAR.jpg\"><img loading=\"lazy\" decoding=\"async\" class=\"aligncenter size-medium wp-image-96942\" src=\"https:\/\/www.sudoestehoje.com.br\/novoportal\/wp-content\/uploads\/2021\/09\/NETO-E-BIVAR-500x313.jpg\" alt=\"\" width=\"500\" height=\"313\" srcset=\"https:\/\/www.sudoestehoje.com.br\/novoportal\/wp-content\/uploads\/2021\/09\/NETO-E-BIVAR-500x313.jpg 500w, https:\/\/www.sudoestehoje.com.br\/novoportal\/wp-content\/uploads\/2021\/09\/NETO-E-BIVAR.jpg 640w\" sizes=\"auto, (max-width: 500px) 100vw, 500px\" \/><\/a><\/p>\n<p>Vale frisar que o cargo de secret\u00e1rio-geral \u00e9 o segundo mais importante de uma sigla, depois da presid\u00eancia, pois cuida de toda a organiza\u00e7\u00e3o partid\u00e1ria e tem grande influ\u00eancia nos estados.<\/p>\n","protected":false},"excerpt":{"rendered":"<p>Segundo a coluna Radar da revista\u00a0Veja\u00a0desta semana, o presidente nacional do DEM, ACM Neto, ser\u00e1 o secret\u00e1rio-geral do novo partido que vai surgir com a fus\u00e3o entre a sigla capitaneada pelo ex-prefeito de Salvador e o PSL. De acordo com a nota, o an\u00fancio da nova legenda sai ainda este m\u00eas. A publica\u00e7\u00e3o diz que [&hellip;]<\/p>\n","protected":false},"author":2,"featured_media":96940,"comment_status":"open","ping_status":"open","sticky":false,"template":"","format":"standard","meta":{"footnotes":"","_links_to":"","_links_to_target":""},"categories":[1],"tags":[],"class_list":["post-96939","post","type-post","status-publish","format-standard","has-post-thumbnail","hentry","category-geral"],"views":945,"_links":{"self":[{"href":"https:\/\/www.sudoestehoje.com.br\/novoportal\/wp-json\/wp\/v2\/posts\/96939","targetHints":{"allow":["GET"]}}],"collection":[{"href":"https:\/\/www.sudoestehoje.com.br\/novoportal\/wp-json\/wp\/v2\/posts"}],"about":[{"href":"https:\/\/www.sudoestehoje.com.br\/novoportal\/wp-json\/wp\/v2\/types\/post"}],"author":[{"embeddable":true,"href":"https:\/\/www.sudoestehoje.com.br\/novoportal\/wp-json\/wp\/v2\/users\/2"}],"replies":[{"embeddable":true,"href":"https:\/\/www.sudoestehoje.com.br\/novoportal\/wp-json\/wp\/v2\/comments?post=96939"}],"version-history":[{"count":3,"href":"https:\/\/www.sudoestehoje.com.br\/novoportal\/wp-json\/wp\/v2\/posts\/96939\/revisions"}],"predecessor-version":[{"id":96944,"href":"https:\/\/www.sudoestehoje.com.br\/novoportal\/wp-json\/wp\/v2\/posts\/96939\/revisions\/96944"}],"wp:featuredmedia":[{"embeddable":true,"href":"https:\/\/www.sudoestehoje.com.br\/novoportal\/wp-json\/wp\/v2\/media\/96940"}],"wp:attachment":[{"href":"https:\/\/www.sudoestehoje.com.br\/novoportal\/wp-json\/wp\/v2\/media?parent=96939"}],"wp:term":[{"taxonomy":"category","embeddable":true,"href":"https:\/\/www.sudoestehoje.com.br\/novoportal\/wp-json\/wp\/v2\/categories?post=96939"},{"taxonomy":"post_tag","embeddable":true,"href":"https:\/\/www.sudoestehoje.com.br\/novoportal\/wp-json\/wp\/v2\/tags?post=96939"}],"curies":[{"name":"wp","href":"https:\/\/api.w.org\/{rel}","templated":true}]}}