
{"id":96923,"date":"2021-09-12T00:04:52","date_gmt":"2021-09-12T03:04:52","guid":{"rendered":"https:\/\/www.sudoestehoje.com.br\/novoportal\/?p=96923"},"modified":"2021-09-12T00:21:21","modified_gmt":"2021-09-12T03:21:21","slug":"lula-e-acusado-pela-receita-federal-de-sonegacao-fiscal-em-conluio-com-empreiteiras","status":"publish","type":"post","link":"https:\/\/www.sudoestehoje.com.br\/novoportal\/2021\/09\/12\/lula-e-acusado-pela-receita-federal-de-sonegacao-fiscal-em-conluio-com-empreiteiras\/","title":{"rendered":"LULA \u00c9 ACUSADO PELA RECEITA FEDERAL DE SONEGA\u00c7\u00c3O FISCAL EM CONLUIO COM EMPREITEIRAS"},"content":{"rendered":"<p><a href=\"https:\/\/www.sudoestehoje.com.br\/novoportal\/wp-content\/uploads\/2021\/09\/LULA-SONEGA.jpg\"><img loading=\"lazy\" decoding=\"async\" class=\"aligncenter size-medium wp-image-96926\" src=\"https:\/\/www.sudoestehoje.com.br\/novoportal\/wp-content\/uploads\/2021\/09\/LULA-SONEGA-500x281.jpg\" alt=\"\" width=\"500\" height=\"281\" srcset=\"https:\/\/www.sudoestehoje.com.br\/novoportal\/wp-content\/uploads\/2021\/09\/LULA-SONEGA-500x281.jpg 500w, https:\/\/www.sudoestehoje.com.br\/novoportal\/wp-content\/uploads\/2021\/09\/LULA-SONEGA-700x394.jpg 700w, https:\/\/www.sudoestehoje.com.br\/novoportal\/wp-content\/uploads\/2021\/09\/LULA-SONEGA-768x432.jpg 768w, https:\/\/www.sudoestehoje.com.br\/novoportal\/wp-content\/uploads\/2021\/09\/LULA-SONEGA.jpg 1200w\" sizes=\"auto, (max-width: 500px) 100vw, 500px\" \/><\/a><\/p>\n<p>O ex-presidente Luiz In\u00e1cio Lula da Silva (PT) foi acusado pela Receita Federal\u00a0de sonegar impostos para, em conluio com empreiteiros, ocultar rendimentos milion\u00e1rios com o objetivo de fraudar o Fisco. O processo de execu\u00e7\u00e3o fiscal tramita na 2\u00aa Vara da Justi\u00e7a Federal em S\u00e3o Bernardo do Campo (SP).<\/p>\n<p>Segundo a\u00a0<em>Veja<\/em>, a Procuradoria-Geral da Fazenda Nacional cobra de Lula uma d\u00edvida de R$ 1,25 milh\u00e3o referente a impostos que deixaram de ser recolhidos. A Receita afirma que Lula omitiu em suas declara\u00e7\u00f5es de renda recursos que recebeu de duas empreiteiras para executar reformas no famoso tr\u00edplex do Guaruj\u00e1 e do not\u00f3rio s\u00edtio de Atibaia, casos em que o petista foi condenado em Curitiba.<\/p>\n<p>Ainda de acordo com a Veja, a a\u00e7\u00e3o foi impetrada em junho passado, cinco dias depois da decis\u00e3o do Supremo Tribunal Federal (STF) que livrou Lula dos processos criminais. Os auditores conclu\u00edram que o tr\u00edplex pertencia ao ex-presidente, fato que \u00e9 negado pelo ex-presidente at\u00e9 hoje. J\u00e1 a reforma faria parte de um pacote de vantagens financeiras n\u00e3o declaradas sobre as quais incidem tributos.<\/p>\n","protected":false},"excerpt":{"rendered":"<p>O ex-presidente Luiz In\u00e1cio Lula da Silva (PT) foi acusado pela Receita Federal\u00a0de sonegar impostos para, em conluio com empreiteiros, ocultar rendimentos milion\u00e1rios com o objetivo de fraudar o Fisco. O processo de execu\u00e7\u00e3o fiscal tramita na 2\u00aa Vara da Justi\u00e7a Federal em S\u00e3o Bernardo do Campo (SP). Segundo a\u00a0Veja, a Procuradoria-Geral da Fazenda Nacional [&hellip;]<\/p>\n","protected":false},"author":2,"featured_media":96926,"comment_status":"open","ping_status":"open","sticky":false,"template":"","format":"standard","meta":{"footnotes":"","_links_to":"","_links_to_target":""},"categories":[1],"tags":[],"class_list":["post-96923","post","type-post","status-publish","format-standard","has-post-thumbnail","hentry","category-geral"],"views":1280,"_links":{"self":[{"href":"https:\/\/www.sudoestehoje.com.br\/novoportal\/wp-json\/wp\/v2\/posts\/96923","targetHints":{"allow":["GET"]}}],"collection":[{"href":"https:\/\/www.sudoestehoje.com.br\/novoportal\/wp-json\/wp\/v2\/posts"}],"about":[{"href":"https:\/\/www.sudoestehoje.com.br\/novoportal\/wp-json\/wp\/v2\/types\/post"}],"author":[{"embeddable":true,"href":"https:\/\/www.sudoestehoje.com.br\/novoportal\/wp-json\/wp\/v2\/users\/2"}],"replies":[{"embeddable":true,"href":"https:\/\/www.sudoestehoje.com.br\/novoportal\/wp-json\/wp\/v2\/comments?post=96923"}],"version-history":[{"count":3,"href":"https:\/\/www.sudoestehoje.com.br\/novoportal\/wp-json\/wp\/v2\/posts\/96923\/revisions"}],"predecessor-version":[{"id":96927,"href":"https:\/\/www.sudoestehoje.com.br\/novoportal\/wp-json\/wp\/v2\/posts\/96923\/revisions\/96927"}],"wp:featuredmedia":[{"embeddable":true,"href":"https:\/\/www.sudoestehoje.com.br\/novoportal\/wp-json\/wp\/v2\/media\/96926"}],"wp:attachment":[{"href":"https:\/\/www.sudoestehoje.com.br\/novoportal\/wp-json\/wp\/v2\/media?parent=96923"}],"wp:term":[{"taxonomy":"category","embeddable":true,"href":"https:\/\/www.sudoestehoje.com.br\/novoportal\/wp-json\/wp\/v2\/categories?post=96923"},{"taxonomy":"post_tag","embeddable":true,"href":"https:\/\/www.sudoestehoje.com.br\/novoportal\/wp-json\/wp\/v2\/tags?post=96923"}],"curies":[{"name":"wp","href":"https:\/\/api.w.org\/{rel}","templated":true}]}}