
{"id":96913,"date":"2021-09-11T09:00:50","date_gmt":"2021-09-11T12:00:50","guid":{"rendered":"https:\/\/www.sudoestehoje.com.br\/novoportal\/?p=96913"},"modified":"2021-09-11T23:11:47","modified_gmt":"2021-09-12T02:11:47","slug":"geddel-pega-semiaberto-e-pode-deixar-prisao-domiciliar-durante-o-dia-para-trabalhar","status":"publish","type":"post","link":"https:\/\/www.sudoestehoje.com.br\/novoportal\/2021\/09\/11\/geddel-pega-semiaberto-e-pode-deixar-prisao-domiciliar-durante-o-dia-para-trabalhar\/","title":{"rendered":"GEDDEL PEGA SEMIABERTO E PODE DEIXAR PRIS\u00c3O DOMICILIAR DURANTE O DIA PARA TRABALHAR"},"content":{"rendered":"<p><a href=\"https:\/\/www.sudoestehoje.com.br\/novoportal\/wp-content\/uploads\/2021\/09\/foto07esp-101-geddel-a14.jpg\"><img loading=\"lazy\" decoding=\"async\" class=\"aligncenter size-medium wp-image-96915\" src=\"https:\/\/www.sudoestehoje.com.br\/novoportal\/wp-content\/uploads\/2021\/09\/foto07esp-101-geddel-a14-500x297.jpg\" alt=\"\" width=\"500\" height=\"297\" srcset=\"https:\/\/www.sudoestehoje.com.br\/novoportal\/wp-content\/uploads\/2021\/09\/foto07esp-101-geddel-a14-500x297.jpg 500w, https:\/\/www.sudoestehoje.com.br\/novoportal\/wp-content\/uploads\/2021\/09\/foto07esp-101-geddel-a14-700x416.jpg 700w, https:\/\/www.sudoestehoje.com.br\/novoportal\/wp-content\/uploads\/2021\/09\/foto07esp-101-geddel-a14-768x457.jpg 768w, https:\/\/www.sudoestehoje.com.br\/novoportal\/wp-content\/uploads\/2021\/09\/foto07esp-101-geddel-a14.jpg 984w\" sizes=\"auto, (max-width: 500px) 100vw, 500px\" \/><\/a><\/p>\n<p>Condenado por lavagem de dinheiro no<span style=\"color: #000000;\">\u00a0caso dos R$ 51 milh\u00f5es\u00a0<\/span>encontrados num apartamento de Salvador, o ex-ministro Geddel Vieira Lima (MDB) progrediu para o regime semiaberto de cumprimento de pena, nesta sexta-feira (10), por decis\u00e3o do ministro do Supremo Tribunal Federal (STF) Edson Fachin.<\/p>\n<p>Preso em 2017, Geddel foi condenado em 2019 a 14 anos e dez meses de pris\u00e3o. No m\u00eas passado, o\u00a0STF reduziu sua pena em um ano e meio, ap\u00f3s inocent\u00e1-lo do crime de associa\u00e7\u00e3o criminosa e manter a condena\u00e7\u00e3o por lavagem de dinheiro.<\/p>\n<p>O ex-ministro est\u00e1 em pris\u00e3o domiciliar, em Salvador, desde julho de 2020. Agora, no regime semiaberto, ele poder\u00e1 sair de casa durante o dia para trabalhar.<\/p>\n","protected":false},"excerpt":{"rendered":"<p>Condenado por lavagem de dinheiro no\u00a0caso dos R$ 51 milh\u00f5es\u00a0encontrados num apartamento de Salvador, o ex-ministro Geddel Vieira Lima (MDB) progrediu para o regime semiaberto de cumprimento de pena, nesta sexta-feira (10), por decis\u00e3o do ministro do Supremo Tribunal Federal (STF) Edson Fachin. Preso em 2017, Geddel foi condenado em 2019 a 14 anos e [&hellip;]<\/p>\n","protected":false},"author":2,"featured_media":96915,"comment_status":"open","ping_status":"open","sticky":false,"template":"","format":"standard","meta":{"footnotes":"","_links_to":"","_links_to_target":""},"categories":[1],"tags":[],"class_list":["post-96913","post","type-post","status-publish","format-standard","has-post-thumbnail","hentry","category-geral"],"views":742,"_links":{"self":[{"href":"https:\/\/www.sudoestehoje.com.br\/novoportal\/wp-json\/wp\/v2\/posts\/96913","targetHints":{"allow":["GET"]}}],"collection":[{"href":"https:\/\/www.sudoestehoje.com.br\/novoportal\/wp-json\/wp\/v2\/posts"}],"about":[{"href":"https:\/\/www.sudoestehoje.com.br\/novoportal\/wp-json\/wp\/v2\/types\/post"}],"author":[{"embeddable":true,"href":"https:\/\/www.sudoestehoje.com.br\/novoportal\/wp-json\/wp\/v2\/users\/2"}],"replies":[{"embeddable":true,"href":"https:\/\/www.sudoestehoje.com.br\/novoportal\/wp-json\/wp\/v2\/comments?post=96913"}],"version-history":[{"count":2,"href":"https:\/\/www.sudoestehoje.com.br\/novoportal\/wp-json\/wp\/v2\/posts\/96913\/revisions"}],"predecessor-version":[{"id":96916,"href":"https:\/\/www.sudoestehoje.com.br\/novoportal\/wp-json\/wp\/v2\/posts\/96913\/revisions\/96916"}],"wp:featuredmedia":[{"embeddable":true,"href":"https:\/\/www.sudoestehoje.com.br\/novoportal\/wp-json\/wp\/v2\/media\/96915"}],"wp:attachment":[{"href":"https:\/\/www.sudoestehoje.com.br\/novoportal\/wp-json\/wp\/v2\/media?parent=96913"}],"wp:term":[{"taxonomy":"category","embeddable":true,"href":"https:\/\/www.sudoestehoje.com.br\/novoportal\/wp-json\/wp\/v2\/categories?post=96913"},{"taxonomy":"post_tag","embeddable":true,"href":"https:\/\/www.sudoestehoje.com.br\/novoportal\/wp-json\/wp\/v2\/tags?post=96913"}],"curies":[{"name":"wp","href":"https:\/\/api.w.org\/{rel}","templated":true}]}}