
{"id":96910,"date":"2021-09-11T22:48:36","date_gmt":"2021-09-12T01:48:36","guid":{"rendered":"https:\/\/www.sudoestehoje.com.br\/novoportal\/?p=96910"},"modified":"2021-09-11T22:48:36","modified_gmt":"2021-09-12T01:48:36","slug":"rodrigo-hagge-explica-recuo-na-atuacao-politica-ao-lado-de-acm-neto","status":"publish","type":"post","link":"https:\/\/www.sudoestehoje.com.br\/novoportal\/2021\/09\/11\/rodrigo-hagge-explica-recuo-na-atuacao-politica-ao-lado-de-acm-neto\/","title":{"rendered":"RODRIGO HAGGE EXPLICA RECUO NA ATUA\u00c7\u00c3O POL\u00cdTICA AO LADO DE ACM NETO"},"content":{"rendered":"<p><a href=\"https:\/\/www.sudoestehoje.com.br\/novoportal\/wp-content\/uploads\/2021\/09\/rodrigo-hagge.jpg\"><img loading=\"lazy\" decoding=\"async\" class=\"aligncenter size-medium wp-image-96911\" src=\"https:\/\/www.sudoestehoje.com.br\/novoportal\/wp-content\/uploads\/2021\/09\/rodrigo-hagge-500x357.jpg\" alt=\"\" width=\"500\" height=\"357\" srcset=\"https:\/\/www.sudoestehoje.com.br\/novoportal\/wp-content\/uploads\/2021\/09\/rodrigo-hagge-500x357.jpg 500w, https:\/\/www.sudoestehoje.com.br\/novoportal\/wp-content\/uploads\/2021\/09\/rodrigo-hagge-700x500.jpg 700w, https:\/\/www.sudoestehoje.com.br\/novoportal\/wp-content\/uploads\/2021\/09\/rodrigo-hagge.jpg 734w\" sizes=\"auto, (max-width: 500px) 100vw, 500px\" \/><\/a><\/p>\n<p>O prefeito de Itapetinga, Rodrigo Hagge, participou hoje (11) do programa\u00a0<em>Frequ\u00eancia Pol\u00edtica,\u00a0<\/em>da R\u00e1dio Difusora de Itabuna<em>,\u00a0<\/em>e explicou seu recuo na atua\u00e7\u00e3o pol\u00edtica ao lado do presidente nacional do DEM, ACM Neto.<\/p>\n<p>Segundo o prefeito, at\u00e9 o in\u00edcio de 2021, ele atuou de forma intensa a favor da pr\u00e9-candidatura de Neto ao Governo da Bahia, mas, agora, decidiu esperar um posicionamento do seu partido, o MDB, sobre a corrida eleitoral de 2022.<\/p>\n<p>Apesar da nova postura, Rodrigo \u2013 que j\u00e1 foi cotado para coordenar a campanha do democrata no interior do estado \u2013 destacou que admira muito a trajet\u00f3ria pol\u00edtica de ACM Neto.<em> \/\/Blog Pimenta<\/em><\/p>\n","protected":false},"excerpt":{"rendered":"<p>O prefeito de Itapetinga, Rodrigo Hagge, participou hoje (11) do programa\u00a0Frequ\u00eancia Pol\u00edtica,\u00a0da R\u00e1dio Difusora de Itabuna,\u00a0e explicou seu recuo na atua\u00e7\u00e3o pol\u00edtica ao lado do presidente nacional do DEM, ACM Neto. Segundo o prefeito, at\u00e9 o in\u00edcio de 2021, ele atuou de forma intensa a favor da pr\u00e9-candidatura de Neto ao Governo da Bahia, mas, [&hellip;]<\/p>\n","protected":false},"author":2,"featured_media":96911,"comment_status":"open","ping_status":"open","sticky":false,"template":"","format":"standard","meta":{"footnotes":"","_links_to":"","_links_to_target":""},"categories":[1],"tags":[],"class_list":["post-96910","post","type-post","status-publish","format-standard","has-post-thumbnail","hentry","category-geral"],"views":1237,"_links":{"self":[{"href":"https:\/\/www.sudoestehoje.com.br\/novoportal\/wp-json\/wp\/v2\/posts\/96910","targetHints":{"allow":["GET"]}}],"collection":[{"href":"https:\/\/www.sudoestehoje.com.br\/novoportal\/wp-json\/wp\/v2\/posts"}],"about":[{"href":"https:\/\/www.sudoestehoje.com.br\/novoportal\/wp-json\/wp\/v2\/types\/post"}],"author":[{"embeddable":true,"href":"https:\/\/www.sudoestehoje.com.br\/novoportal\/wp-json\/wp\/v2\/users\/2"}],"replies":[{"embeddable":true,"href":"https:\/\/www.sudoestehoje.com.br\/novoportal\/wp-json\/wp\/v2\/comments?post=96910"}],"version-history":[{"count":1,"href":"https:\/\/www.sudoestehoje.com.br\/novoportal\/wp-json\/wp\/v2\/posts\/96910\/revisions"}],"predecessor-version":[{"id":96912,"href":"https:\/\/www.sudoestehoje.com.br\/novoportal\/wp-json\/wp\/v2\/posts\/96910\/revisions\/96912"}],"wp:featuredmedia":[{"embeddable":true,"href":"https:\/\/www.sudoestehoje.com.br\/novoportal\/wp-json\/wp\/v2\/media\/96911"}],"wp:attachment":[{"href":"https:\/\/www.sudoestehoje.com.br\/novoportal\/wp-json\/wp\/v2\/media?parent=96910"}],"wp:term":[{"taxonomy":"category","embeddable":true,"href":"https:\/\/www.sudoestehoje.com.br\/novoportal\/wp-json\/wp\/v2\/categories?post=96910"},{"taxonomy":"post_tag","embeddable":true,"href":"https:\/\/www.sudoestehoje.com.br\/novoportal\/wp-json\/wp\/v2\/tags?post=96910"}],"curies":[{"name":"wp","href":"https:\/\/api.w.org\/{rel}","templated":true}]}}