
{"id":96903,"date":"2021-09-10T09:21:07","date_gmt":"2021-09-10T12:21:07","guid":{"rendered":"https:\/\/www.sudoestehoje.com.br\/novoportal\/?p=96903"},"modified":"2021-09-10T09:21:07","modified_gmt":"2021-09-10T12:21:07","slug":"pedro-tavares-apresenta-mocao-de-aplausos-ao-atleta-de-itapetinga-rene-pereira-pela-conquista-do-bronze-nas-paralimpiadas","status":"publish","type":"post","link":"https:\/\/www.sudoestehoje.com.br\/novoportal\/2021\/09\/10\/pedro-tavares-apresenta-mocao-de-aplausos-ao-atleta-de-itapetinga-rene-pereira-pela-conquista-do-bronze-nas-paralimpiadas\/","title":{"rendered":"PEDRO TAVARES APRESENTA MO\u00c7\u00c3O DE APLAUSOS AO ATLETA DE ITAPETINGA REN\u00ca PEREIRA PELA CONQUISTA DO BRONZE NAS PARALIMP\u00cdADAS"},"content":{"rendered":"<p><a href=\"https:\/\/www.sudoestehoje.com.br\/novoportal\/wp-content\/uploads\/2021\/09\/rene_pereira_remo_edd684e5f3.jpg\"><img loading=\"lazy\" decoding=\"async\" class=\"aligncenter  wp-image-96906\" src=\"https:\/\/www.sudoestehoje.com.br\/novoportal\/wp-content\/uploads\/2021\/09\/rene_pereira_remo_edd684e5f3.jpg\" alt=\"\" width=\"500\" height=\"312\" \/><\/a><\/p>\n<p>O deputado estadual Pedro Tavares (DEM), apresentou uma mo\u00e7\u00e3o de aplausos, na Assembleia Legislativa da Bahia, em homenagem ao paratleta de remo, Ren\u00ea Pereira Campos, que conquistou a medalha de bronze, nos Jogos Paral\u00edmpicos de T\u00f3quio, realizado entre os dias 24 de agosto e 5 de setembro. Ren\u00ea ganhou o bronze na prova de 2 mil metros, categoria skiff simples PR1M1x. O parlamentar compartilha da alegria com a popula\u00e7\u00e3o de Itapetinga que recepcionou o filho da terra, em seu retorno \u00e0 cidade, no \u00faltimo dia 04.<\/p>\n<p>\u201cFoi com muita emo\u00e7\u00e3o que festejamos a conquista da medalha de bronze por Ren\u00ea Pereira Campos, um belo exemplo para todos que acreditam na dedica\u00e7\u00e3o, na for\u00e7a de vontade e no sacrif\u00edcio, como elementos fundamentais para a vit\u00f3ria. Parabenizamos o paratleta por seu empenho e amor ao esporte, que o tornaram um grande vencedor\u201d, afirmou.<\/p>\n<p>O deputado destacou que a popula\u00e7\u00e3o de Itapetinga e de toda a Bahia est\u00e1 muito orgulhosa de Ren\u00ea Pereira. \u201cNossas homenagens ao guerreiro Ren\u00ea Pereira por suas grandes conquistas. Cumprimentamos tamb\u00e9m a sua fam\u00edlia, todos que o apoiaram, al\u00e9m da popula\u00e7\u00e3o de Itapetinga que comemora com muita alegria a sua merecida vit\u00f3ria\u201d, disse. O deputado cumprimentou tamb\u00e9m as autoridades da cidade, o prefeito Rodrigo Hagge, o vice-prefeito Renan Pereira que \u00e9 pai de Ren\u00ea e a C\u00e2mara de Vereadores. \u201cNossas congratula\u00e7\u00f5es ao seu pai Renan e a toda a fam\u00edlia por esse momento de grande felicidade\u201d, acrescentou.<\/p>\n<p>Na mo\u00e7\u00e3o, o deputado lembra a trajet\u00f3ria de Ren\u00ea e os desafios que ele enfrentou para treinar durante a pandemia. \/\/Ascom<\/p>\n","protected":false},"excerpt":{"rendered":"<p>O deputado estadual Pedro Tavares (DEM), apresentou uma mo\u00e7\u00e3o de aplausos, na Assembleia Legislativa da Bahia, em homenagem ao paratleta de remo, Ren\u00ea Pereira Campos, que conquistou a medalha de bronze, nos Jogos Paral\u00edmpicos de T\u00f3quio, realizado entre os dias 24 de agosto e 5 de setembro. Ren\u00ea ganhou o bronze na prova de 2 [&hellip;]<\/p>\n","protected":false},"author":2,"featured_media":96906,"comment_status":"open","ping_status":"open","sticky":false,"template":"","format":"standard","meta":{"footnotes":"","_links_to":"","_links_to_target":""},"categories":[1],"tags":[],"class_list":["post-96903","post","type-post","status-publish","format-standard","has-post-thumbnail","hentry","category-geral"],"views":704,"_links":{"self":[{"href":"https:\/\/www.sudoestehoje.com.br\/novoportal\/wp-json\/wp\/v2\/posts\/96903","targetHints":{"allow":["GET"]}}],"collection":[{"href":"https:\/\/www.sudoestehoje.com.br\/novoportal\/wp-json\/wp\/v2\/posts"}],"about":[{"href":"https:\/\/www.sudoestehoje.com.br\/novoportal\/wp-json\/wp\/v2\/types\/post"}],"author":[{"embeddable":true,"href":"https:\/\/www.sudoestehoje.com.br\/novoportal\/wp-json\/wp\/v2\/users\/2"}],"replies":[{"embeddable":true,"href":"https:\/\/www.sudoestehoje.com.br\/novoportal\/wp-json\/wp\/v2\/comments?post=96903"}],"version-history":[{"count":4,"href":"https:\/\/www.sudoestehoje.com.br\/novoportal\/wp-json\/wp\/v2\/posts\/96903\/revisions"}],"predecessor-version":[{"id":96908,"href":"https:\/\/www.sudoestehoje.com.br\/novoportal\/wp-json\/wp\/v2\/posts\/96903\/revisions\/96908"}],"wp:featuredmedia":[{"embeddable":true,"href":"https:\/\/www.sudoestehoje.com.br\/novoportal\/wp-json\/wp\/v2\/media\/96906"}],"wp:attachment":[{"href":"https:\/\/www.sudoestehoje.com.br\/novoportal\/wp-json\/wp\/v2\/media?parent=96903"}],"wp:term":[{"taxonomy":"category","embeddable":true,"href":"https:\/\/www.sudoestehoje.com.br\/novoportal\/wp-json\/wp\/v2\/categories?post=96903"},{"taxonomy":"post_tag","embeddable":true,"href":"https:\/\/www.sudoestehoje.com.br\/novoportal\/wp-json\/wp\/v2\/tags?post=96903"}],"curies":[{"name":"wp","href":"https:\/\/api.w.org\/{rel}","templated":true}]}}