
{"id":96882,"date":"2021-09-08T18:59:46","date_gmt":"2021-09-08T21:59:46","guid":{"rendered":"https:\/\/www.sudoestehoje.com.br\/novoportal\/?p=96882"},"modified":"2021-09-08T18:59:46","modified_gmt":"2021-09-08T21:59:46","slug":"vaca-louca-preco-da-carne-deve-baixar-para-o-consumo-interno-mas-por-pouco-tempo","status":"publish","type":"post","link":"https:\/\/www.sudoestehoje.com.br\/novoportal\/2021\/09\/08\/vaca-louca-preco-da-carne-deve-baixar-para-o-consumo-interno-mas-por-pouco-tempo\/","title":{"rendered":"VACA LOUCA: PRE\u00c7O DA CARNE DEVE BAIXAR PARA O CONSUMO INTERNO, MAS POR POUCO TEMPO"},"content":{"rendered":"<p><a href=\"https:\/\/www.sudoestehoje.com.br\/novoportal\/wp-content\/uploads\/2021\/09\/supere-desafios-do-setor-casas-de-carne-e-a\u00e7ougue.jpg\"><img loading=\"lazy\" decoding=\"async\" class=\"aligncenter size-medium wp-image-96886\" src=\"https:\/\/www.sudoestehoje.com.br\/novoportal\/wp-content\/uploads\/2021\/09\/supere-desafios-do-setor-casas-de-carne-e-a\u00e7ougue-500x334.jpg\" alt=\"\" width=\"500\" height=\"334\" srcset=\"https:\/\/www.sudoestehoje.com.br\/novoportal\/wp-content\/uploads\/2021\/09\/supere-desafios-do-setor-casas-de-carne-e-a\u00e7ougue-500x334.jpg 500w, https:\/\/www.sudoestehoje.com.br\/novoportal\/wp-content\/uploads\/2021\/09\/supere-desafios-do-setor-casas-de-carne-e-a\u00e7ougue-700x467.jpg 700w, https:\/\/www.sudoestehoje.com.br\/novoportal\/wp-content\/uploads\/2021\/09\/supere-desafios-do-setor-casas-de-carne-e-a\u00e7ougue-768x512.jpg 768w, https:\/\/www.sudoestehoje.com.br\/novoportal\/wp-content\/uploads\/2021\/09\/supere-desafios-do-setor-casas-de-carne-e-a\u00e7ougue.jpg 1000w\" sizes=\"auto, (max-width: 500px) 100vw, 500px\" \/><\/a><\/p>\n<p>O pre\u00e7o da carne aumentou 34,28% em 12 meses, conforme an\u00e1lise feita com dados do \u00cdndice Nacional de Pre\u00e7os ao Consumidor Amplo (IPCA) de julho. Agora, h\u00e1 possibilidades de ela voltar a ser mais acess\u00edvel.<\/p>\n<p>O governo federal avalia que a suspens\u00e3o de importa\u00e7\u00e3o de carne bovina brasileira pela China, em decorr\u00eancia da confirma\u00e7\u00e3o de dois casos at\u00edpicos da doen\u00e7a conhecida como vaca louca, pode levar a um curto choque, de um ou dois meses, em que a amplia\u00e7\u00e3o da oferta no mercado interno pode fazer os pre\u00e7os ca\u00edrem para o consumidor. Desde a \u00faltima quarta-feira, dia 1\u00ba, o Minist\u00e9rio da Agricultura, Pecu\u00e1ria e Abastecimento (Mapa) investiga casos suspeitos da doen\u00e7a da vaca louca no Brasil.<\/p>\n<p>Neste s\u00e1bado, 4, a pasta confirmou dois casos da doen\u00e7a em frigor\u00edficos de Belo Horizonte e de Nova Cana\u00e3 do Norte (MT) e, em cumprimento a um protocolo sanit\u00e1rio, as exporta\u00e7\u00f5es de carne bovina brasileira para a China est\u00e3o suspensas.<\/p>\n<p>O pre\u00e7o pode diminuir para os brasileiros porque, com a suspens\u00e3o das vendas para o exterior, sobram mais produtos no Brasil. A\u00ed entra a regra da oferta\/demanda. Com mais produtos ofertados, cai o pre\u00e7o. No entanto, os patamares de antes devem voltar assim que as exporta\u00e7\u00e3o voltarem ao normal.<\/p>\n","protected":false},"excerpt":{"rendered":"<p>O pre\u00e7o da carne aumentou 34,28% em 12 meses, conforme an\u00e1lise feita com dados do \u00cdndice Nacional de Pre\u00e7os ao Consumidor Amplo (IPCA) de julho. Agora, h\u00e1 possibilidades de ela voltar a ser mais acess\u00edvel. O governo federal avalia que a suspens\u00e3o de importa\u00e7\u00e3o de carne bovina brasileira pela China, em decorr\u00eancia da confirma\u00e7\u00e3o de [&hellip;]<\/p>\n","protected":false},"author":2,"featured_media":96886,"comment_status":"open","ping_status":"open","sticky":false,"template":"","format":"standard","meta":{"footnotes":"","_links_to":"","_links_to_target":""},"categories":[1],"tags":[],"class_list":["post-96882","post","type-post","status-publish","format-standard","has-post-thumbnail","hentry","category-geral"],"views":1319,"_links":{"self":[{"href":"https:\/\/www.sudoestehoje.com.br\/novoportal\/wp-json\/wp\/v2\/posts\/96882","targetHints":{"allow":["GET"]}}],"collection":[{"href":"https:\/\/www.sudoestehoje.com.br\/novoportal\/wp-json\/wp\/v2\/posts"}],"about":[{"href":"https:\/\/www.sudoestehoje.com.br\/novoportal\/wp-json\/wp\/v2\/types\/post"}],"author":[{"embeddable":true,"href":"https:\/\/www.sudoestehoje.com.br\/novoportal\/wp-json\/wp\/v2\/users\/2"}],"replies":[{"embeddable":true,"href":"https:\/\/www.sudoestehoje.com.br\/novoportal\/wp-json\/wp\/v2\/comments?post=96882"}],"version-history":[{"count":4,"href":"https:\/\/www.sudoestehoje.com.br\/novoportal\/wp-json\/wp\/v2\/posts\/96882\/revisions"}],"predecessor-version":[{"id":96887,"href":"https:\/\/www.sudoestehoje.com.br\/novoportal\/wp-json\/wp\/v2\/posts\/96882\/revisions\/96887"}],"wp:featuredmedia":[{"embeddable":true,"href":"https:\/\/www.sudoestehoje.com.br\/novoportal\/wp-json\/wp\/v2\/media\/96886"}],"wp:attachment":[{"href":"https:\/\/www.sudoestehoje.com.br\/novoportal\/wp-json\/wp\/v2\/media?parent=96882"}],"wp:term":[{"taxonomy":"category","embeddable":true,"href":"https:\/\/www.sudoestehoje.com.br\/novoportal\/wp-json\/wp\/v2\/categories?post=96882"},{"taxonomy":"post_tag","embeddable":true,"href":"https:\/\/www.sudoestehoje.com.br\/novoportal\/wp-json\/wp\/v2\/tags?post=96882"}],"curies":[{"name":"wp","href":"https:\/\/api.w.org\/{rel}","templated":true}]}}