
{"id":96877,"date":"2021-09-08T17:56:12","date_gmt":"2021-09-08T20:56:12","guid":{"rendered":"https:\/\/www.sudoestehoje.com.br\/novoportal\/?p=96877"},"modified":"2021-09-08T17:56:12","modified_gmt":"2021-09-08T20:56:12","slug":"morre-dudu-braga-filho-de-roberto-carlos","status":"publish","type":"post","link":"https:\/\/www.sudoestehoje.com.br\/novoportal\/2021\/09\/08\/morre-dudu-braga-filho-de-roberto-carlos\/","title":{"rendered":"MORRE DUDU BRAGA, FILHO DE ROBERTO CARLOS"},"content":{"rendered":"<p><a href=\"https:\/\/www.sudoestehoje.com.br\/novoportal\/wp-content\/uploads\/2021\/09\/csm_dudu_braga_roberto_carlos__1__f7698929e2-1.jpg\"><img loading=\"lazy\" decoding=\"async\" class=\"aligncenter size-medium wp-image-96879\" src=\"https:\/\/www.sudoestehoje.com.br\/novoportal\/wp-content\/uploads\/2021\/09\/csm_dudu_braga_roberto_carlos__1__f7698929e2-1-500x286.jpg\" alt=\"\" width=\"500\" height=\"286\" srcset=\"https:\/\/www.sudoestehoje.com.br\/novoportal\/wp-content\/uploads\/2021\/09\/csm_dudu_braga_roberto_carlos__1__f7698929e2-1-500x286.jpg 500w, https:\/\/www.sudoestehoje.com.br\/novoportal\/wp-content\/uploads\/2021\/09\/csm_dudu_braga_roberto_carlos__1__f7698929e2-1-700x401.jpg 700w, https:\/\/www.sudoestehoje.com.br\/novoportal\/wp-content\/uploads\/2021\/09\/csm_dudu_braga_roberto_carlos__1__f7698929e2-1.jpg 730w\" sizes=\"auto, (max-width: 500px) 100vw, 500px\" \/><\/a><\/p>\n<p class=\"bodytext\">Morreu nesta quarta-feira (8) Dudu Braga, produtor musical e filho do cantor Roberto Carlos. Dudu tinha 52 anos e lutava contra um c\u00e2ncer no perit\u00f4nio (membrana que envolve a parede abdominal) desde setembro de 2020.<\/p>\n<p>O produtor passava por um tratamento contra a doen\u00e7a, mas o seu estado de sa\u00fade piorou nos \u00faltimos dias. De acordo com o portal IG, Dudu teve uma reca\u00edda no quadro e o estado se tornou irrevers\u00edvel desde o in\u00edcio desta semana.<\/p>\n<p>Esta n\u00e3o foi a primeira batalha contra o c\u00e2ncer enfrentada pelo filho de Roberto Carlos. Em 2019, o produtor musical foi diagnosticado com c\u00e2ncer de p\u00e2ncreas e realizou o tratamento no Hospital Israelita Albert Einstein, em S\u00e3o Paulo.<\/p>\n<p>Dudu Braga deixa tr\u00eas filhos: Giovanna, de 22 anos, Gianpietro, de 17, e a ca\u00e7ula Laura, de 5 anos.<\/p>\n","protected":false},"excerpt":{"rendered":"<p>Morreu nesta quarta-feira (8) Dudu Braga, produtor musical e filho do cantor Roberto Carlos. Dudu tinha 52 anos e lutava contra um c\u00e2ncer no perit\u00f4nio (membrana que envolve a parede abdominal) desde setembro de 2020. O produtor passava por um tratamento contra a doen\u00e7a, mas o seu estado de sa\u00fade piorou nos \u00faltimos dias. De [&hellip;]<\/p>\n","protected":false},"author":2,"featured_media":96879,"comment_status":"open","ping_status":"open","sticky":false,"template":"","format":"standard","meta":{"footnotes":"","_links_to":"","_links_to_target":""},"categories":[1],"tags":[],"class_list":["post-96877","post","type-post","status-publish","format-standard","has-post-thumbnail","hentry","category-geral"],"views":990,"_links":{"self":[{"href":"https:\/\/www.sudoestehoje.com.br\/novoportal\/wp-json\/wp\/v2\/posts\/96877","targetHints":{"allow":["GET"]}}],"collection":[{"href":"https:\/\/www.sudoestehoje.com.br\/novoportal\/wp-json\/wp\/v2\/posts"}],"about":[{"href":"https:\/\/www.sudoestehoje.com.br\/novoportal\/wp-json\/wp\/v2\/types\/post"}],"author":[{"embeddable":true,"href":"https:\/\/www.sudoestehoje.com.br\/novoportal\/wp-json\/wp\/v2\/users\/2"}],"replies":[{"embeddable":true,"href":"https:\/\/www.sudoestehoje.com.br\/novoportal\/wp-json\/wp\/v2\/comments?post=96877"}],"version-history":[{"count":1,"href":"https:\/\/www.sudoestehoje.com.br\/novoportal\/wp-json\/wp\/v2\/posts\/96877\/revisions"}],"predecessor-version":[{"id":96880,"href":"https:\/\/www.sudoestehoje.com.br\/novoportal\/wp-json\/wp\/v2\/posts\/96877\/revisions\/96880"}],"wp:featuredmedia":[{"embeddable":true,"href":"https:\/\/www.sudoestehoje.com.br\/novoportal\/wp-json\/wp\/v2\/media\/96879"}],"wp:attachment":[{"href":"https:\/\/www.sudoestehoje.com.br\/novoportal\/wp-json\/wp\/v2\/media?parent=96877"}],"wp:term":[{"taxonomy":"category","embeddable":true,"href":"https:\/\/www.sudoestehoje.com.br\/novoportal\/wp-json\/wp\/v2\/categories?post=96877"},{"taxonomy":"post_tag","embeddable":true,"href":"https:\/\/www.sudoestehoje.com.br\/novoportal\/wp-json\/wp\/v2\/tags?post=96877"}],"curies":[{"name":"wp","href":"https:\/\/api.w.org\/{rel}","templated":true}]}}