
{"id":96859,"date":"2021-09-06T21:02:58","date_gmt":"2021-09-07T00:02:58","guid":{"rendered":"https:\/\/www.sudoestehoje.com.br\/novoportal\/?p=96859"},"modified":"2021-09-06T21:02:58","modified_gmt":"2021-09-07T00:02:58","slug":"ta-caindo-bahia-registra-apenas-195-casos-de-covid-19-e-5-obitos-em-24-horas","status":"publish","type":"post","link":"https:\/\/www.sudoestehoje.com.br\/novoportal\/2021\/09\/06\/ta-caindo-bahia-registra-apenas-195-casos-de-covid-19-e-5-obitos-em-24-horas\/","title":{"rendered":"T\u00c1 CAINDO: BAHIA REGISTRA APENAS 195 CASOS DE COVID-19 E 5 \u00d3BITOS EM 24 HORAS"},"content":{"rendered":"<p><a href=\"https:\/\/www.sudoestehoje.com.br\/novoportal\/wp-content\/uploads\/2021\/09\/leitos-vazios.jpg\"><img loading=\"lazy\" decoding=\"async\" class=\"aligncenter size-medium wp-image-96861\" src=\"https:\/\/www.sudoestehoje.com.br\/novoportal\/wp-content\/uploads\/2021\/09\/leitos-vazios-500x333.jpg\" alt=\"\" width=\"500\" height=\"333\" srcset=\"https:\/\/www.sudoestehoje.com.br\/novoportal\/wp-content\/uploads\/2021\/09\/leitos-vazios-500x333.jpg 500w, https:\/\/www.sudoestehoje.com.br\/novoportal\/wp-content\/uploads\/2021\/09\/leitos-vazios-700x467.jpg 700w, https:\/\/www.sudoestehoje.com.br\/novoportal\/wp-content\/uploads\/2021\/09\/leitos-vazios.jpg 750w\" sizes=\"auto, (max-width: 500px) 100vw, 500px\" \/><\/a><\/p>\n<p>Na Bahia, nas \u00faltimas 24 horas, foram registrados 195 casos da Covid-19, de acordo com o boletim epidemiol\u00f3gico desta segunda-feira (6) divulgado pela Secretaria da Sa\u00fade do Estado da Bahia (Sesab), que tamb\u00e9m registra 5 \u00f3bitos.<\/p>\n<p>Os n\u00fameros est\u00e3o caindo vertiginosamente em todo o Brasil, devido aos sucesso da vacina\u00e7\u00e3o. Nesta segunda, a Bahia recebeu mais de 1 milh\u00e3o de doses do imunizante.<\/p>\n<p>Em <strong>Itapetinga<\/strong>, restam apenas 8 casos ativos da Covid-19, de acordo com boletim atualizado da Secretaria Municipal de Sa\u00fade. O \u00faltimo \u00f3bito ocorreu h\u00e1 15 dias.<\/p>\n<p><strong><em>Por Davi Ferraz\u00a0<\/em><\/strong><\/p>\n","protected":false},"excerpt":{"rendered":"<p>Na Bahia, nas \u00faltimas 24 horas, foram registrados 195 casos da Covid-19, de acordo com o boletim epidemiol\u00f3gico desta segunda-feira (6) divulgado pela Secretaria da Sa\u00fade do Estado da Bahia (Sesab), que tamb\u00e9m registra 5 \u00f3bitos. Os n\u00fameros est\u00e3o caindo vertiginosamente em todo o Brasil, devido aos sucesso da vacina\u00e7\u00e3o. Nesta segunda, a Bahia recebeu [&hellip;]<\/p>\n","protected":false},"author":2,"featured_media":96861,"comment_status":"open","ping_status":"open","sticky":false,"template":"","format":"standard","meta":{"footnotes":"","_links_to":"","_links_to_target":""},"categories":[1],"tags":[],"class_list":["post-96859","post","type-post","status-publish","format-standard","has-post-thumbnail","hentry","category-geral"],"views":1025,"_links":{"self":[{"href":"https:\/\/www.sudoestehoje.com.br\/novoportal\/wp-json\/wp\/v2\/posts\/96859","targetHints":{"allow":["GET"]}}],"collection":[{"href":"https:\/\/www.sudoestehoje.com.br\/novoportal\/wp-json\/wp\/v2\/posts"}],"about":[{"href":"https:\/\/www.sudoestehoje.com.br\/novoportal\/wp-json\/wp\/v2\/types\/post"}],"author":[{"embeddable":true,"href":"https:\/\/www.sudoestehoje.com.br\/novoportal\/wp-json\/wp\/v2\/users\/2"}],"replies":[{"embeddable":true,"href":"https:\/\/www.sudoestehoje.com.br\/novoportal\/wp-json\/wp\/v2\/comments?post=96859"}],"version-history":[{"count":2,"href":"https:\/\/www.sudoestehoje.com.br\/novoportal\/wp-json\/wp\/v2\/posts\/96859\/revisions"}],"predecessor-version":[{"id":96862,"href":"https:\/\/www.sudoestehoje.com.br\/novoportal\/wp-json\/wp\/v2\/posts\/96859\/revisions\/96862"}],"wp:featuredmedia":[{"embeddable":true,"href":"https:\/\/www.sudoestehoje.com.br\/novoportal\/wp-json\/wp\/v2\/media\/96861"}],"wp:attachment":[{"href":"https:\/\/www.sudoestehoje.com.br\/novoportal\/wp-json\/wp\/v2\/media?parent=96859"}],"wp:term":[{"taxonomy":"category","embeddable":true,"href":"https:\/\/www.sudoestehoje.com.br\/novoportal\/wp-json\/wp\/v2\/categories?post=96859"},{"taxonomy":"post_tag","embeddable":true,"href":"https:\/\/www.sudoestehoje.com.br\/novoportal\/wp-json\/wp\/v2\/tags?post=96859"}],"curies":[{"name":"wp","href":"https:\/\/api.w.org\/{rel}","templated":true}]}}