
{"id":96849,"date":"2021-09-06T11:49:51","date_gmt":"2021-09-06T14:49:51","guid":{"rendered":"https:\/\/www.sudoestehoje.com.br\/novoportal\/?p=96849"},"modified":"2021-09-06T12:24:17","modified_gmt":"2021-09-06T15:24:17","slug":"exclusivo-parque-da-matinha-sera-reaberto-em-12-de-outubro-dia-da-crianca","status":"publish","type":"post","link":"https:\/\/www.sudoestehoje.com.br\/novoportal\/2021\/09\/06\/exclusivo-parque-da-matinha-sera-reaberto-em-12-de-outubro-dia-da-crianca\/","title":{"rendered":"EXCLUSIVO! PARQUE DA MATINHA SER\u00c1 REABERTO EM 12 DE OUTUBRO, DIA DA CRIAN\u00c7A"},"content":{"rendered":"<p><a href=\"https:\/\/www.sudoestehoje.com.br\/novoportal\/wp-content\/uploads\/2021\/09\/PARQUE-DA-MATINHA-FOTO-01-1-crop.jpg\"><img loading=\"lazy\" decoding=\"async\" class=\"aligncenter wp-image-96851\" src=\"https:\/\/www.sudoestehoje.com.br\/novoportal\/wp-content\/uploads\/2021\/09\/PARQUE-DA-MATINHA-FOTO-01-1-crop-500x280.jpg\" alt=\"\" width=\"500\" height=\"280\" srcset=\"https:\/\/www.sudoestehoje.com.br\/novoportal\/wp-content\/uploads\/2021\/09\/PARQUE-DA-MATINHA-FOTO-01-1-crop-500x280.jpg 500w, https:\/\/www.sudoestehoje.com.br\/novoportal\/wp-content\/uploads\/2021\/09\/PARQUE-DA-MATINHA-FOTO-01-1-crop-700x393.jpg 700w, https:\/\/www.sudoestehoje.com.br\/novoportal\/wp-content\/uploads\/2021\/09\/PARQUE-DA-MATINHA-FOTO-01-1-crop-768x431.jpg 768w, https:\/\/www.sudoestehoje.com.br\/novoportal\/wp-content\/uploads\/2021\/09\/PARQUE-DA-MATINHA-FOTO-01-1-crop.jpg 952w\" sizes=\"auto, (max-width: 500px) 100vw, 500px\" \/><\/a><\/p>\n<p>Com exclusividade, o Sudoeste Hoje recebeu a confirma\u00e7\u00e3o por parte do prefeito<strong> Rodrigo Hagge<\/strong> de que o Parque Zoobot\u00e2nico da Matinha ser\u00e1 reaberto no dia 12 de outubro pr\u00f3ximo, data em que se comemora o &#8216;Dia da Crian\u00e7a&#8217;, feriado nacional de Nossa Senhora Aparecida, padroeira do Brasil.<\/p>\n<p><a href=\"https:\/\/www.sudoestehoje.com.br\/novoportal\/wp-content\/uploads\/2021\/09\/MATINHA-4.jpeg\"><img loading=\"lazy\" decoding=\"async\" class=\"aligncenter size-medium wp-image-96857\" src=\"https:\/\/www.sudoestehoje.com.br\/novoportal\/wp-content\/uploads\/2021\/09\/MATINHA-4-500x281.jpeg\" alt=\"\" width=\"500\" height=\"281\" srcset=\"https:\/\/www.sudoestehoje.com.br\/novoportal\/wp-content\/uploads\/2021\/09\/MATINHA-4-500x281.jpeg 500w, https:\/\/www.sudoestehoje.com.br\/novoportal\/wp-content\/uploads\/2021\/09\/MATINHA-4-700x394.jpeg 700w, https:\/\/www.sudoestehoje.com.br\/novoportal\/wp-content\/uploads\/2021\/09\/MATINHA-4-768x432.jpeg 768w, https:\/\/www.sudoestehoje.com.br\/novoportal\/wp-content\/uploads\/2021\/09\/MATINHA-4.jpeg 1280w\" sizes=\"auto, (max-width: 500px) 100vw, 500px\" \/><\/a><\/p>\n<p>A defini\u00e7\u00e3o da data foi tomada pelo prefeito municipal, ap\u00f3s receber do Secret\u00e1rio do Meio Ambiente, <strong>Fabio Viana<\/strong>, de que todas as exig\u00eancias dos \u00f3rg\u00e3os ambientais j\u00e1 foram cumpridas, uma delas a constru\u00e7\u00e3o do muro, fechando todo o Parque, em lugar da antiga cerca. Al\u00e9m disso, o parque foi todo requalificado e atualizado, para maior conforto e seguran\u00e7a dos animais e visitantes.<\/p>\n<p><a href=\"https:\/\/www.sudoestehoje.com.br\/novoportal\/wp-content\/uploads\/2021\/09\/mat-1.jpg\"><img loading=\"lazy\" decoding=\"async\" class=\"aligncenter  wp-image-96854\" src=\"https:\/\/www.sudoestehoje.com.br\/novoportal\/wp-content\/uploads\/2021\/09\/mat-1.jpg\" alt=\"\" width=\"502\" height=\"281\" \/><\/a><\/p>\n<p>O Parque da Matinha havia sido fechado em 2013, na gest\u00e3o do ex-prefeito Jos\u00e9 Carlos Moura (PT), por maus tratos aos animais, abandono e descumprimento das recomenda\u00e7\u00f5es e exig\u00eancias do IBAMA.<\/p>\n<p>Na abertura, um forte esquema de controle e seguran\u00e7a ser\u00e1 implantado, para evitar aglomera\u00e7\u00f5es e descumprimento das normas sanit\u00e1rias vigentes, aplicadas no decorrer da pandemia de Covid19.<\/p>\n<p>AGUARDEM MAIS DETALHES&#8230;<\/p>\n<p><strong><em>Por Davi Ferraz<\/em><\/strong><\/p>\n","protected":false},"excerpt":{"rendered":"<p>Com exclusividade, o Sudoeste Hoje recebeu a confirma\u00e7\u00e3o por parte do prefeito Rodrigo Hagge de que o Parque Zoobot\u00e2nico da Matinha ser\u00e1 reaberto no dia 12 de outubro pr\u00f3ximo, data em que se comemora o &#8216;Dia da Crian\u00e7a&#8217;, feriado nacional de Nossa Senhora Aparecida, padroeira do Brasil. A defini\u00e7\u00e3o da data foi tomada pelo prefeito [&hellip;]<\/p>\n","protected":false},"author":2,"featured_media":96851,"comment_status":"open","ping_status":"open","sticky":false,"template":"","format":"standard","meta":{"footnotes":"","_links_to":"","_links_to_target":""},"categories":[1],"tags":[],"class_list":["post-96849","post","type-post","status-publish","format-standard","has-post-thumbnail","hentry","category-geral"],"views":4769,"_links":{"self":[{"href":"https:\/\/www.sudoestehoje.com.br\/novoportal\/wp-json\/wp\/v2\/posts\/96849","targetHints":{"allow":["GET"]}}],"collection":[{"href":"https:\/\/www.sudoestehoje.com.br\/novoportal\/wp-json\/wp\/v2\/posts"}],"about":[{"href":"https:\/\/www.sudoestehoje.com.br\/novoportal\/wp-json\/wp\/v2\/types\/post"}],"author":[{"embeddable":true,"href":"https:\/\/www.sudoestehoje.com.br\/novoportal\/wp-json\/wp\/v2\/users\/2"}],"replies":[{"embeddable":true,"href":"https:\/\/www.sudoestehoje.com.br\/novoportal\/wp-json\/wp\/v2\/comments?post=96849"}],"version-history":[{"count":4,"href":"https:\/\/www.sudoestehoje.com.br\/novoportal\/wp-json\/wp\/v2\/posts\/96849\/revisions"}],"predecessor-version":[{"id":96858,"href":"https:\/\/www.sudoestehoje.com.br\/novoportal\/wp-json\/wp\/v2\/posts\/96849\/revisions\/96858"}],"wp:featuredmedia":[{"embeddable":true,"href":"https:\/\/www.sudoestehoje.com.br\/novoportal\/wp-json\/wp\/v2\/media\/96851"}],"wp:attachment":[{"href":"https:\/\/www.sudoestehoje.com.br\/novoportal\/wp-json\/wp\/v2\/media?parent=96849"}],"wp:term":[{"taxonomy":"category","embeddable":true,"href":"https:\/\/www.sudoestehoje.com.br\/novoportal\/wp-json\/wp\/v2\/categories?post=96849"},{"taxonomy":"post_tag","embeddable":true,"href":"https:\/\/www.sudoestehoje.com.br\/novoportal\/wp-json\/wp\/v2\/tags?post=96849"}],"curies":[{"name":"wp","href":"https:\/\/api.w.org\/{rel}","templated":true}]}}