
{"id":96796,"date":"2021-09-03T23:44:03","date_gmt":"2021-09-04T02:44:03","guid":{"rendered":"https:\/\/www.sudoestehoje.com.br\/novoportal\/?p=96796"},"modified":"2021-09-03T23:48:33","modified_gmt":"2021-09-04T02:48:33","slug":"boneca-e-colocada-para-fazer-seguranca-de-rua-e-assusta-moradores","status":"publish","type":"post","link":"https:\/\/www.sudoestehoje.com.br\/novoportal\/2021\/09\/03\/boneca-e-colocada-para-fazer-seguranca-de-rua-e-assusta-moradores\/","title":{"rendered":"BONECA \u00c9 COLOCADA PARA FAZER SEGURAN\u00c7A DE RUA E ASSUSTA MORADORES"},"content":{"rendered":"<p><a href=\"https:\/\/www.sudoestehoje.com.br\/novoportal\/wp-content\/uploads\/2021\/09\/boneca-afogados-696x469-crop.jpg\"><img loading=\"lazy\" decoding=\"async\" class=\"aligncenter size-full wp-image-96798\" src=\"https:\/\/www.sudoestehoje.com.br\/novoportal\/wp-content\/uploads\/2021\/09\/boneca-afogados-696x469-crop.jpg\" alt=\"\" width=\"484\" height=\"265\" \/><\/a><\/p>\n<p>J\u00e1 imaginou ter uma boneca fazendo a seguran\u00e7a da sua rua? Pois bem, moradores de Afogados, na Zona Oeste do Recife, contam com essa vigil\u00e2ncia inusitada. Sentada em uma cadeira e com o aspecto digno de filme de terror, a \u201cboneca do mal\u201d vem espantando a criminalidade na Rua Albatroz. Claro que tudo n\u00e3o passa de uma brincadeira promovida por residentes do local, que tamb\u00e9m alegam ser uma forma de criticar a inseguran\u00e7a que assombra o bairro.<\/p>\n<p>Os respons\u00e1veis pela brincadeira foram Janssen Alves, gerente de um pet shop, e a sua mulher, a empres\u00e1ria B\u00e1rbara Regina. \u201cA boneca surgiu no \u00faltimo domingo (29), a partir da 00h. Como a gente tem pouca seguran\u00e7a no bairro, ent\u00e3o surgiu essa ideia de fazer alguma coisa para assustar os que est\u00e3o rondando a comunidade. E est\u00e1 dando certo. Teve uns meliantes que passaram e, ao olharem para a boneca, deram meia volta\u201d, contou B\u00e1rbara, em entrevista \u00e0 TV Jornal, nesta segunda-feira (31).<\/p>\n<p>\u201cEst\u00e1 dando certo e est\u00e1 se expandindo em todo o local. O pessoal est\u00e1 com medo da boneca e pedindo para levarmos ela para outros bairros tamb\u00e9m. Coloquei a boneca para espantar bandidos, fofoqueiros, gente feia, gente mentirosa\u201d, afirma Janssen, em meio a risadas.<\/p>\n<p><strong>Viralizou<\/strong><\/p>\n<p>Um vizinho de Janssen e B\u00e1rbara compartilhou uma foto da \u2018Boneca do mal\u2019 no twitter e relatou brevemente a hist\u00f3ria. A publica\u00e7\u00e3o j\u00e1 conta com mais de<strong> 200 mil curtidas e mil coment\u00e1rios<\/strong> na rede. Muitos usu\u00e1rios aprovaram a ideia e falaram que iram aderir em seus bairros.<\/p>\n<p>Com a fama mete\u00f3rica, Janssen e B\u00e1rbara j\u00e1 levaram a boneca para v\u00e1rios lugares, como a feira do bairro de Afogados, e para o Marco Zero, ponto tur\u00edstico na \u00e1rea central do Recife. \u201cA boneca ficou famosa. O pessoal pede para levar ela para tirar foto, mas tem muita gente que se assusta\u201d, afirmou Janssen. <em>\/\/Correio<\/em><\/p>\n","protected":false},"excerpt":{"rendered":"<p>J\u00e1 imaginou ter uma boneca fazendo a seguran\u00e7a da sua rua? Pois bem, moradores de Afogados, na Zona Oeste do Recife, contam com essa vigil\u00e2ncia inusitada. Sentada em uma cadeira e com o aspecto digno de filme de terror, a \u201cboneca do mal\u201d vem espantando a criminalidade na Rua Albatroz. Claro que tudo n\u00e3o passa [&hellip;]<\/p>\n","protected":false},"author":2,"featured_media":96798,"comment_status":"open","ping_status":"open","sticky":false,"template":"","format":"standard","meta":{"footnotes":"","_links_to":"","_links_to_target":""},"categories":[1],"tags":[],"class_list":["post-96796","post","type-post","status-publish","format-standard","has-post-thumbnail","hentry","category-geral"],"views":1289,"_links":{"self":[{"href":"https:\/\/www.sudoestehoje.com.br\/novoportal\/wp-json\/wp\/v2\/posts\/96796","targetHints":{"allow":["GET"]}}],"collection":[{"href":"https:\/\/www.sudoestehoje.com.br\/novoportal\/wp-json\/wp\/v2\/posts"}],"about":[{"href":"https:\/\/www.sudoestehoje.com.br\/novoportal\/wp-json\/wp\/v2\/types\/post"}],"author":[{"embeddable":true,"href":"https:\/\/www.sudoestehoje.com.br\/novoportal\/wp-json\/wp\/v2\/users\/2"}],"replies":[{"embeddable":true,"href":"https:\/\/www.sudoestehoje.com.br\/novoportal\/wp-json\/wp\/v2\/comments?post=96796"}],"version-history":[{"count":3,"href":"https:\/\/www.sudoestehoje.com.br\/novoportal\/wp-json\/wp\/v2\/posts\/96796\/revisions"}],"predecessor-version":[{"id":96801,"href":"https:\/\/www.sudoestehoje.com.br\/novoportal\/wp-json\/wp\/v2\/posts\/96796\/revisions\/96801"}],"wp:featuredmedia":[{"embeddable":true,"href":"https:\/\/www.sudoestehoje.com.br\/novoportal\/wp-json\/wp\/v2\/media\/96798"}],"wp:attachment":[{"href":"https:\/\/www.sudoestehoje.com.br\/novoportal\/wp-json\/wp\/v2\/media?parent=96796"}],"wp:term":[{"taxonomy":"category","embeddable":true,"href":"https:\/\/www.sudoestehoje.com.br\/novoportal\/wp-json\/wp\/v2\/categories?post=96796"},{"taxonomy":"post_tag","embeddable":true,"href":"https:\/\/www.sudoestehoje.com.br\/novoportal\/wp-json\/wp\/v2\/tags?post=96796"}],"curies":[{"name":"wp","href":"https:\/\/api.w.org\/{rel}","templated":true}]}}