
{"id":96789,"date":"2021-09-03T11:47:05","date_gmt":"2021-09-03T14:47:05","guid":{"rendered":"https:\/\/www.sudoestehoje.com.br\/novoportal\/?p=96789"},"modified":"2021-09-03T11:47:05","modified_gmt":"2021-09-03T14:47:05","slug":"rodrigo-tem-independencia","status":"publish","type":"post","link":"https:\/\/www.sudoestehoje.com.br\/novoportal\/2021\/09\/03\/rodrigo-tem-independencia\/","title":{"rendered":"RODRIGO TEM INDEPEND\u00caNCIA"},"content":{"rendered":"<p><a href=\"https:\/\/www.sudoestehoje.com.br\/novoportal\/wp-content\/uploads\/2021\/09\/EU-TO-LIGADO.jpg\"><img loading=\"lazy\" decoding=\"async\" class=\"aligncenter  wp-image-96791\" src=\"https:\/\/www.sudoestehoje.com.br\/novoportal\/wp-content\/uploads\/2021\/09\/EU-TO-LIGADO.jpg\" alt=\"\" width=\"233\" height=\"149\" \/><\/a><\/p>\n<p>Em entrevista recente a uma r\u00e1dio de Conquista o prefeito Rodrigo Hagge afirmou que n\u00e3o est\u00e1 participando de nenhuma articula\u00e7\u00e3o do MDB estadual para um prov\u00e1vel apoio \u00e0 candidatura de Jaques Wagner (PT) ao governo da Bahia e que o MDB de Itapetinga tem independ\u00eancia para escolher a quem apoiar para o governo. S\u00f3 para lembrar, o MDB de Itapetinga \u00e9 antipetista.<\/p>\n<p><strong>COISA DE L\u00daCIO<\/strong><\/p>\n<p>De acordo com a imprensa de Salvador, L\u00facio Vieira Lima tem conversado com petistas e pode apoiar Wagner, mas n\u00e3o tem a garantia de que ser\u00e1 acompanhado pelas lideran\u00e7as do MDB nessa sua nova aventura. A tend\u00eancia dos emidebistas do interior \u00e9 apoiar ACM Neto e at\u00e9 Jo\u00e3o Roma. PT fica dif\u00edcil.<\/p>\n<p><strong>OUTRO MOMENTO<\/strong><\/p>\n<p>\u00c9 verdade que em 2006 Michel Hagge apoiou Jaques Wagner na sua primeira elei\u00e7\u00e3o para governador e que Wagner subiu no palanque de Michel em 2008, mesmo tendo um candidato a prefeito do PT na cidade. Era outro momento e de l\u00e1 para c\u00e1 as rela\u00e7\u00f5es n\u00e3o s\u00e3o mais as mesmas. Apesar da lideran\u00e7a de Rodrigo ser incontest\u00e1vel, fica dif\u00edcil convencer os Gabirabas e Saru\u00eas a apoiarem seus ferrenhos advers\u00e1rios, depois de tanta persegui\u00e7\u00e3o contra a gest\u00e3o de Rodrigo e seus correligion\u00e1rios, por Rui Costa e seus prepostos. N\u00e3o vejo com bons olhos.<\/p>\n<p><strong>FOTO COM ROSEMBERG<\/strong><\/p>\n<p>Rodrigo explicou na entrevista que cumpriu agenda institucional em Salvador, na Sesab e Seagri, para tratar do retorno de Itapetinga \u00e0 Policl\u00ednica de Conquista e para reativar o projeto do Frigor\u00edfico de Aves, prometido pelo ex-secret\u00e1rio da Agricultura. Rosemberg aparece na foto porque tamb\u00e9m acompanhou a visita institucional de Rodrigo, como deputado da regi\u00e3o. Nada mais do que isso. O resto \u00e9 mera <em>&#8216;especulation<\/em>&#8216;.<\/p>\n<p><strong>O &#8216;TRATOR&#8217; RENAN DEVE RECUAR<\/strong><\/p>\n<p>O vice-prefeito Renan Pereira tem sido aconselhado por amigos e at\u00e9 familiares a n\u00e3o &#8220;aparecer muito&#8221; nos eventos bolsonaristas em Itapetinga, para n\u00e3<em>o &#8216;queimar o filme&#8217;<\/em> com o cacique estadual do DEM, ACM Neto, que quer ver Bolsonaro pelas costas. Se o &#8220;trator&#8221; vai aceitar o conselho, \u00e9 outra conversa. Mas 7 de Setembro t\u00e1 vindo a\u00ed e tem manifesta\u00e7\u00e3o de apoio ao presidente marcada. Ser\u00e1 que vai viajar? T\u00f4 apostando&#8230;<\/p>\n","protected":false},"excerpt":{"rendered":"<p>Em entrevista recente a uma r\u00e1dio de Conquista o prefeito Rodrigo Hagge afirmou que n\u00e3o est\u00e1 participando de nenhuma articula\u00e7\u00e3o do MDB estadual para um prov\u00e1vel apoio \u00e0 candidatura de Jaques Wagner (PT) ao governo da Bahia e que o MDB de Itapetinga tem independ\u00eancia para escolher a quem apoiar para o governo. S\u00f3 para [&hellip;]<\/p>\n","protected":false},"author":2,"featured_media":96791,"comment_status":"open","ping_status":"open","sticky":false,"template":"","format":"standard","meta":{"footnotes":"","_links_to":"","_links_to_target":""},"categories":[11],"tags":[],"class_list":["post-96789","post","type-post","status-publish","format-standard","has-post-thumbnail","hentry","category-quentinhas"],"views":11228,"_links":{"self":[{"href":"https:\/\/www.sudoestehoje.com.br\/novoportal\/wp-json\/wp\/v2\/posts\/96789","targetHints":{"allow":["GET"]}}],"collection":[{"href":"https:\/\/www.sudoestehoje.com.br\/novoportal\/wp-json\/wp\/v2\/posts"}],"about":[{"href":"https:\/\/www.sudoestehoje.com.br\/novoportal\/wp-json\/wp\/v2\/types\/post"}],"author":[{"embeddable":true,"href":"https:\/\/www.sudoestehoje.com.br\/novoportal\/wp-json\/wp\/v2\/users\/2"}],"replies":[{"embeddable":true,"href":"https:\/\/www.sudoestehoje.com.br\/novoportal\/wp-json\/wp\/v2\/comments?post=96789"}],"version-history":[{"count":2,"href":"https:\/\/www.sudoestehoje.com.br\/novoportal\/wp-json\/wp\/v2\/posts\/96789\/revisions"}],"predecessor-version":[{"id":96792,"href":"https:\/\/www.sudoestehoje.com.br\/novoportal\/wp-json\/wp\/v2\/posts\/96789\/revisions\/96792"}],"wp:featuredmedia":[{"embeddable":true,"href":"https:\/\/www.sudoestehoje.com.br\/novoportal\/wp-json\/wp\/v2\/media\/96791"}],"wp:attachment":[{"href":"https:\/\/www.sudoestehoje.com.br\/novoportal\/wp-json\/wp\/v2\/media?parent=96789"}],"wp:term":[{"taxonomy":"category","embeddable":true,"href":"https:\/\/www.sudoestehoje.com.br\/novoportal\/wp-json\/wp\/v2\/categories?post=96789"},{"taxonomy":"post_tag","embeddable":true,"href":"https:\/\/www.sudoestehoje.com.br\/novoportal\/wp-json\/wp\/v2\/tags?post=96789"}],"curies":[{"name":"wp","href":"https:\/\/api.w.org\/{rel}","templated":true}]}}