
{"id":96775,"date":"2021-09-03T09:10:40","date_gmt":"2021-09-03T12:10:40","guid":{"rendered":"https:\/\/www.sudoestehoje.com.br\/novoportal\/?p=96775"},"modified":"2021-09-03T09:10:40","modified_gmt":"2021-09-03T12:10:40","slug":"itapetinga-eventos-no-feriadao-de-7-de-setembro-prometem-movimentar-a-lagoa","status":"publish","type":"post","link":"https:\/\/www.sudoestehoje.com.br\/novoportal\/2021\/09\/03\/itapetinga-eventos-no-feriadao-de-7-de-setembro-prometem-movimentar-a-lagoa\/","title":{"rendered":"ITAPETINGA: EVENTOS NO FERIAD\u00c3O DE 7 DE SETEMBRO PROMETEM MOVIMENTAR A LAGOA"},"content":{"rendered":"<p><a href=\"https:\/\/www.sudoestehoje.com.br\/novoportal\/wp-content\/uploads\/2021\/09\/CANOA-5.jpeg\"><img loading=\"lazy\" decoding=\"async\" class=\"aligncenter size-medium wp-image-96782\" src=\"https:\/\/www.sudoestehoje.com.br\/novoportal\/wp-content\/uploads\/2021\/09\/CANOA-5-500x333.jpeg\" alt=\"\" width=\"500\" height=\"333\" srcset=\"https:\/\/www.sudoestehoje.com.br\/novoportal\/wp-content\/uploads\/2021\/09\/CANOA-5-500x333.jpeg 500w, https:\/\/www.sudoestehoje.com.br\/novoportal\/wp-content\/uploads\/2021\/09\/CANOA-5-700x466.jpeg 700w, https:\/\/www.sudoestehoje.com.br\/novoportal\/wp-content\/uploads\/2021\/09\/CANOA-5-768x512.jpeg 768w, https:\/\/www.sudoestehoje.com.br\/novoportal\/wp-content\/uploads\/2021\/09\/CANOA-5.jpeg 1280w\" sizes=\"auto, (max-width: 500px) 100vw, 500px\" \/><\/a><\/p>\n<p>Com o decreto do prefeito Rodrigo Hagge, instituindo &#8216;ponto facultativo&#8217; na pr\u00f3xima segunda-feira (6), todas as aten\u00e7\u00f5es se voltam para o Parque Poliesportivo da Lagoa, onde dois eventos acontecem neste final de semana: <strong>a chegada do atleta itapetinguense <em>Ren\u00ea Pereira<\/em><\/strong>, medalha de bronze no remo na Paralimp\u00edada de T\u00f3quio, no s\u00e1bado pela manh\u00e3, e a realiza\u00e7\u00e3o da<strong> 1\u00aa Etapa do Campeonato Baiano de Canoagem,<\/strong> com a participa\u00e7\u00e3o de mais de 150 atletas da modalidade, durante todo o domingo (5).<\/p>\n<p>Embora os eventos aconte\u00e7am no fim-de-semana, a movimenta\u00e7\u00e3o no Parque da Lagoa dever\u00e1 ser intensa no resto do &#8216;feriad\u00e3o&#8217;, como j\u00e1 vem acontecendo, principalmente nos domingos \u00e0 tarde e \u00e0 noite.<\/p>\n<p><a href=\"https:\/\/www.sudoestehoje.com.br\/novoportal\/wp-content\/uploads\/2021\/09\/rene-pereira.jpg\"><img loading=\"lazy\" decoding=\"async\" class=\"aligncenter size-medium wp-image-96787\" src=\"https:\/\/www.sudoestehoje.com.br\/novoportal\/wp-content\/uploads\/2021\/09\/rene-pereira-500x311.jpg\" alt=\"\" width=\"500\" height=\"311\" srcset=\"https:\/\/www.sudoestehoje.com.br\/novoportal\/wp-content\/uploads\/2021\/09\/rene-pereira-500x311.jpg 500w, https:\/\/www.sudoestehoje.com.br\/novoportal\/wp-content\/uploads\/2021\/09\/rene-pereira-700x435.jpg 700w, https:\/\/www.sudoestehoje.com.br\/novoportal\/wp-content\/uploads\/2021\/09\/rene-pereira.jpg 730w\" sizes=\"auto, (max-width: 500px) 100vw, 500px\" \/><\/a><\/p>\n<p>Nas novas quadras para pr\u00e1tica de esportes e na academia a c\u00e9u aberto, a disputa por espa\u00e7o \u00e9 concorrida, com praticantes de v\u00f4lei e futev\u00f4lei atuando at\u00e9 nas madrugadas, durante todos os dias da semana. &#8220;Ficou massa&#8221;, como diz a mo\u00e7ada e a rapaziada.<\/p>\n<p>O Parque Poliesportivo da Lagoa \u00e9 um &#8216;show&#8217; e atende plenamente \u00e0 popula\u00e7\u00e3o de Itapetinga, no \u00e2mbito do lazer e outras demandas, como esportes, com\u00e9rcio ambulante, bares, restaurantes e at\u00e9 para pr\u00e1tica ao ar livre de cultos religiosos.<\/p>\n<p>\u00c9 a nossa praia!!!<\/p>\n<p><strong><em>Por Davi Ferraz\u00a0<\/em><\/strong><\/p>\n","protected":false},"excerpt":{"rendered":"<p>Com o decreto do prefeito Rodrigo Hagge, instituindo &#8216;ponto facultativo&#8217; na pr\u00f3xima segunda-feira (6), todas as aten\u00e7\u00f5es se voltam para o Parque Poliesportivo da Lagoa, onde dois eventos acontecem neste final de semana: a chegada do atleta itapetinguense Ren\u00ea Pereira, medalha de bronze no remo na Paralimp\u00edada de T\u00f3quio, no s\u00e1bado pela manh\u00e3, e a [&hellip;]<\/p>\n","protected":false},"author":2,"featured_media":96782,"comment_status":"open","ping_status":"open","sticky":false,"template":"","format":"standard","meta":{"footnotes":"","_links_to":"","_links_to_target":""},"categories":[1],"tags":[],"class_list":["post-96775","post","type-post","status-publish","format-standard","has-post-thumbnail","hentry","category-geral"],"views":940,"_links":{"self":[{"href":"https:\/\/www.sudoestehoje.com.br\/novoportal\/wp-json\/wp\/v2\/posts\/96775","targetHints":{"allow":["GET"]}}],"collection":[{"href":"https:\/\/www.sudoestehoje.com.br\/novoportal\/wp-json\/wp\/v2\/posts"}],"about":[{"href":"https:\/\/www.sudoestehoje.com.br\/novoportal\/wp-json\/wp\/v2\/types\/post"}],"author":[{"embeddable":true,"href":"https:\/\/www.sudoestehoje.com.br\/novoportal\/wp-json\/wp\/v2\/users\/2"}],"replies":[{"embeddable":true,"href":"https:\/\/www.sudoestehoje.com.br\/novoportal\/wp-json\/wp\/v2\/comments?post=96775"}],"version-history":[{"count":2,"href":"https:\/\/www.sudoestehoje.com.br\/novoportal\/wp-json\/wp\/v2\/posts\/96775\/revisions"}],"predecessor-version":[{"id":96788,"href":"https:\/\/www.sudoestehoje.com.br\/novoportal\/wp-json\/wp\/v2\/posts\/96775\/revisions\/96788"}],"wp:featuredmedia":[{"embeddable":true,"href":"https:\/\/www.sudoestehoje.com.br\/novoportal\/wp-json\/wp\/v2\/media\/96782"}],"wp:attachment":[{"href":"https:\/\/www.sudoestehoje.com.br\/novoportal\/wp-json\/wp\/v2\/media?parent=96775"}],"wp:term":[{"taxonomy":"category","embeddable":true,"href":"https:\/\/www.sudoestehoje.com.br\/novoportal\/wp-json\/wp\/v2\/categories?post=96775"},{"taxonomy":"post_tag","embeddable":true,"href":"https:\/\/www.sudoestehoje.com.br\/novoportal\/wp-json\/wp\/v2\/tags?post=96775"}],"curies":[{"name":"wp","href":"https:\/\/api.w.org\/{rel}","templated":true}]}}