
{"id":96771,"date":"2021-09-02T22:07:37","date_gmt":"2021-09-03T01:07:37","guid":{"rendered":"https:\/\/www.sudoestehoje.com.br\/novoportal\/?p=96771"},"modified":"2021-09-02T22:07:37","modified_gmt":"2021-09-03T01:07:37","slug":"antonio-brito-disputa-premio-de-melhor-deputado-e-defesa-da-educacao","status":"publish","type":"post","link":"https:\/\/www.sudoestehoje.com.br\/novoportal\/2021\/09\/02\/antonio-brito-disputa-premio-de-melhor-deputado-e-defesa-da-educacao\/","title":{"rendered":"ANT\u00d4NIO BRITO DISPUTA PR\u00caMIO DE MELHOR DEPUTADO E DEFESA DA EDUCA\u00c7\u00c3O"},"content":{"rendered":"<p><a href=\"https:\/\/www.sudoestehoje.com.br\/novoportal\/wp-content\/uploads\/2021\/09\/PR\u00caMIO-BRITO.jpg\"><img loading=\"lazy\" decoding=\"async\" class=\"aligncenter size-medium wp-image-96772\" src=\"https:\/\/www.sudoestehoje.com.br\/novoportal\/wp-content\/uploads\/2021\/09\/PR\u00caMIO-BRITO-500x500.jpg\" alt=\"\" width=\"500\" height=\"500\" srcset=\"https:\/\/www.sudoestehoje.com.br\/novoportal\/wp-content\/uploads\/2021\/09\/PR\u00caMIO-BRITO-500x500.jpg 500w, https:\/\/www.sudoestehoje.com.br\/novoportal\/wp-content\/uploads\/2021\/09\/PR\u00caMIO-BRITO-700x700.jpg 700w, https:\/\/www.sudoestehoje.com.br\/novoportal\/wp-content\/uploads\/2021\/09\/PR\u00caMIO-BRITO-150x150.jpg 150w, https:\/\/www.sudoestehoje.com.br\/novoportal\/wp-content\/uploads\/2021\/09\/PR\u00caMIO-BRITO-768x768.jpg 768w, https:\/\/www.sudoestehoje.com.br\/novoportal\/wp-content\/uploads\/2021\/09\/PR\u00caMIO-BRITO.jpg 1080w\" sizes=\"auto, (max-width: 500px) 100vw, 500px\" \/><\/a><\/p>\n<p>O deputado federal Ant\u00f4nio Brito est\u00e1 integrando a lista dos parlamentares indicados para concorrer ao Pr\u00eamio Congresso em Foco 2021, nas categorias Melhor Deputado e Defesa da Educa\u00e7\u00e3o.<\/p>\n<p>\u00c9 um reconhecimento \u00e0 atua\u00e7\u00e3o do deputado neste mandato, na sua constante luta pela promo\u00e7\u00e3o da sa\u00fade, assist\u00eancia social e educa\u00e7\u00e3o inclusiva.<\/p>\n<p>As vota\u00e7\u00f5es para o Pr\u00eamio iniciaram hoje, e poder\u00e3o ser feitas, at\u00e9 o dia 30 de setembro, atrav\u00e9s do site: <span style=\"color: #0000ff;\"><a style=\"color: #0000ff;\" href=\"http:\/\/PREMIO\">premio.congressoemfoco.uol.com.br.<\/a><\/span><\/p>\n","protected":false},"excerpt":{"rendered":"<p>O deputado federal Ant\u00f4nio Brito est\u00e1 integrando a lista dos parlamentares indicados para concorrer ao Pr\u00eamio Congresso em Foco 2021, nas categorias Melhor Deputado e Defesa da Educa\u00e7\u00e3o. \u00c9 um reconhecimento \u00e0 atua\u00e7\u00e3o do deputado neste mandato, na sua constante luta pela promo\u00e7\u00e3o da sa\u00fade, assist\u00eancia social e educa\u00e7\u00e3o inclusiva. As vota\u00e7\u00f5es para o Pr\u00eamio [&hellip;]<\/p>\n","protected":false},"author":2,"featured_media":96772,"comment_status":"open","ping_status":"open","sticky":false,"template":"","format":"standard","meta":{"footnotes":"","_links_to":"","_links_to_target":""},"categories":[1],"tags":[],"class_list":["post-96771","post","type-post","status-publish","format-standard","has-post-thumbnail","hentry","category-geral"],"views":902,"_links":{"self":[{"href":"https:\/\/www.sudoestehoje.com.br\/novoportal\/wp-json\/wp\/v2\/posts\/96771","targetHints":{"allow":["GET"]}}],"collection":[{"href":"https:\/\/www.sudoestehoje.com.br\/novoportal\/wp-json\/wp\/v2\/posts"}],"about":[{"href":"https:\/\/www.sudoestehoje.com.br\/novoportal\/wp-json\/wp\/v2\/types\/post"}],"author":[{"embeddable":true,"href":"https:\/\/www.sudoestehoje.com.br\/novoportal\/wp-json\/wp\/v2\/users\/2"}],"replies":[{"embeddable":true,"href":"https:\/\/www.sudoestehoje.com.br\/novoportal\/wp-json\/wp\/v2\/comments?post=96771"}],"version-history":[{"count":2,"href":"https:\/\/www.sudoestehoje.com.br\/novoportal\/wp-json\/wp\/v2\/posts\/96771\/revisions"}],"predecessor-version":[{"id":96774,"href":"https:\/\/www.sudoestehoje.com.br\/novoportal\/wp-json\/wp\/v2\/posts\/96771\/revisions\/96774"}],"wp:featuredmedia":[{"embeddable":true,"href":"https:\/\/www.sudoestehoje.com.br\/novoportal\/wp-json\/wp\/v2\/media\/96772"}],"wp:attachment":[{"href":"https:\/\/www.sudoestehoje.com.br\/novoportal\/wp-json\/wp\/v2\/media?parent=96771"}],"wp:term":[{"taxonomy":"category","embeddable":true,"href":"https:\/\/www.sudoestehoje.com.br\/novoportal\/wp-json\/wp\/v2\/categories?post=96771"},{"taxonomy":"post_tag","embeddable":true,"href":"https:\/\/www.sudoestehoje.com.br\/novoportal\/wp-json\/wp\/v2\/tags?post=96771"}],"curies":[{"name":"wp","href":"https:\/\/api.w.org\/{rel}","templated":true}]}}