
{"id":96758,"date":"2021-09-02T19:18:52","date_gmt":"2021-09-02T22:18:52","guid":{"rendered":"https:\/\/www.sudoestehoje.com.br\/novoportal\/?p=96758"},"modified":"2021-09-02T20:33:04","modified_gmt":"2021-09-02T23:33:04","slug":"video-mostra-momento-em-que-baba-e-agredida-por-ex-patroa-em-salvador","status":"publish","type":"post","link":"https:\/\/www.sudoestehoje.com.br\/novoportal\/2021\/09\/02\/video-mostra-momento-em-que-baba-e-agredida-por-ex-patroa-em-salvador\/","title":{"rendered":"V\u00cdDEO MOSTRA MOMENTO EM QUE BAB\u00c1 \u00c9 AGREDIDA POR EX-PATROA EM SALVADOR"},"content":{"rendered":"<p><a href=\"https:\/\/www.sudoestehoje.com.br\/novoportal\/wp-content\/uploads\/2021\/09\/baba-agredida-no-imbui-1000x530-1.jpg\"><img loading=\"lazy\" decoding=\"async\" class=\"aligncenter size-medium wp-image-96759\" src=\"https:\/\/www.sudoestehoje.com.br\/novoportal\/wp-content\/uploads\/2021\/09\/baba-agredida-no-imbui-1000x530-1-500x265.jpg\" alt=\"\" width=\"500\" height=\"265\" srcset=\"https:\/\/www.sudoestehoje.com.br\/novoportal\/wp-content\/uploads\/2021\/09\/baba-agredida-no-imbui-1000x530-1-500x265.jpg 500w, https:\/\/www.sudoestehoje.com.br\/novoportal\/wp-content\/uploads\/2021\/09\/baba-agredida-no-imbui-1000x530-1-700x371.jpg 700w, https:\/\/www.sudoestehoje.com.br\/novoportal\/wp-content\/uploads\/2021\/09\/baba-agredida-no-imbui-1000x530-1-768x407.jpg 768w, https:\/\/www.sudoestehoje.com.br\/novoportal\/wp-content\/uploads\/2021\/09\/baba-agredida-no-imbui-1000x530-1.jpg 1000w\" sizes=\"auto, (max-width: 500px) 100vw, 500px\" \/><\/a><\/p>\n<p>Uma c\u00e2mera de seguran\u00e7a flagrou (v\u00eddeo ao final) o momento em que a\u00a0<a href=\"https:\/\/todabahia.com.br\/baba-se-joga-do-3o-andar-no-imbui-por-estar-em-carcere-privado\/\" target=\"_blank\" rel=\"noopener noreferrer\"><strong>bab\u00e1 Raiana Ribeiro<\/strong><\/a>, de 25 anos, foi agredida pela ex-patroa Melina Esteves Fran\u00e7a, horas antes dela pular do 3\u00aa andar de um pr\u00e9dio, em Salvador, para fugir de mais agress\u00f5es.\u00a0<a href=\"https:\/\/todabahia.com.br\/patroa-de-baba-que-pulou-de-3o-andar-de-predio-no-imbui-e-denunciada-por-mais-12-mulheres\/\" target=\"_blank\" rel=\"noopener noreferrer\"><strong>A agressora \u00e9 investigada por viol\u00eancia dom\u00e9stica contra outras ex-funcion\u00e1rias.\u00a0<\/strong><\/a><\/p>\n<p>De acordo com o\u00a0<em>G1<\/em>, o delegado Tiago Pinto, respons\u00e1vel pelas investiga\u00e7\u00f5es, informou que as imagens foram encaminhadas para per\u00edcia. O inqu\u00e9rito tem 30 dias para ser conclu\u00eddo e mais informa\u00e7\u00f5es n\u00e3o podem ser passadas, porque o caso est\u00e1 sob sigilo. Na quarta (1\u00b0), o advogado de empres\u00e1ria anunciou que deixou o caso.<\/p>\n<p>A filmagem mostra Raiana recebendo tapas, socos e pux\u00f5es no cabelo por Melina Fran\u00e7a.<\/p>\n<p>Confira v\u00eddeo:<\/p>\n<p>https:\/\/www.youtube.com\/watch?v=BoJVKYDLJlQ&#038;t=67s<\/p>\n","protected":false},"excerpt":{"rendered":"<p>Uma c\u00e2mera de seguran\u00e7a flagrou (v\u00eddeo ao final) o momento em que a\u00a0bab\u00e1 Raiana Ribeiro, de 25 anos, foi agredida pela ex-patroa Melina Esteves Fran\u00e7a, horas antes dela pular do 3\u00aa andar de um pr\u00e9dio, em Salvador, para fugir de mais agress\u00f5es.\u00a0A agressora \u00e9 investigada por viol\u00eancia dom\u00e9stica contra outras ex-funcion\u00e1rias.\u00a0 De acordo com o\u00a0G1, [&hellip;]<\/p>\n","protected":false},"author":2,"featured_media":96759,"comment_status":"open","ping_status":"open","sticky":false,"template":"","format":"standard","meta":{"footnotes":"","_links_to":"","_links_to_target":""},"categories":[1],"tags":[],"class_list":["post-96758","post","type-post","status-publish","format-standard","has-post-thumbnail","hentry","category-geral"],"views":1050,"_links":{"self":[{"href":"https:\/\/www.sudoestehoje.com.br\/novoportal\/wp-json\/wp\/v2\/posts\/96758","targetHints":{"allow":["GET"]}}],"collection":[{"href":"https:\/\/www.sudoestehoje.com.br\/novoportal\/wp-json\/wp\/v2\/posts"}],"about":[{"href":"https:\/\/www.sudoestehoje.com.br\/novoportal\/wp-json\/wp\/v2\/types\/post"}],"author":[{"embeddable":true,"href":"https:\/\/www.sudoestehoje.com.br\/novoportal\/wp-json\/wp\/v2\/users\/2"}],"replies":[{"embeddable":true,"href":"https:\/\/www.sudoestehoje.com.br\/novoportal\/wp-json\/wp\/v2\/comments?post=96758"}],"version-history":[{"count":2,"href":"https:\/\/www.sudoestehoje.com.br\/novoportal\/wp-json\/wp\/v2\/posts\/96758\/revisions"}],"predecessor-version":[{"id":96770,"href":"https:\/\/www.sudoestehoje.com.br\/novoportal\/wp-json\/wp\/v2\/posts\/96758\/revisions\/96770"}],"wp:featuredmedia":[{"embeddable":true,"href":"https:\/\/www.sudoestehoje.com.br\/novoportal\/wp-json\/wp\/v2\/media\/96759"}],"wp:attachment":[{"href":"https:\/\/www.sudoestehoje.com.br\/novoportal\/wp-json\/wp\/v2\/media?parent=96758"}],"wp:term":[{"taxonomy":"category","embeddable":true,"href":"https:\/\/www.sudoestehoje.com.br\/novoportal\/wp-json\/wp\/v2\/categories?post=96758"},{"taxonomy":"post_tag","embeddable":true,"href":"https:\/\/www.sudoestehoje.com.br\/novoportal\/wp-json\/wp\/v2\/tags?post=96758"}],"curies":[{"name":"wp","href":"https:\/\/api.w.org\/{rel}","templated":true}]}}