
{"id":96742,"date":"2021-09-01T21:29:53","date_gmt":"2021-09-02T00:29:53","guid":{"rendered":"https:\/\/www.sudoestehoje.com.br\/novoportal\/?p=96742"},"modified":"2021-09-01T21:29:53","modified_gmt":"2021-09-02T00:29:53","slug":"itapetinga-projeto-da-zona-azul-e-aprovado-pela-camara-de-vereadores","status":"publish","type":"post","link":"https:\/\/www.sudoestehoje.com.br\/novoportal\/2021\/09\/01\/itapetinga-projeto-da-zona-azul-e-aprovado-pela-camara-de-vereadores\/","title":{"rendered":"ITAPETINGA: PROJETO DA ZONA AZUL \u00c9 APROVADO PELA C\u00c2MARA DE VEREADORES"},"content":{"rendered":"<p><a href=\"https:\/\/www.sudoestehoje.com.br\/novoportal\/wp-content\/uploads\/2021\/09\/site-zoa.jpg\"><img loading=\"lazy\" decoding=\"async\" class=\"aligncenter size-medium wp-image-96745\" src=\"https:\/\/www.sudoestehoje.com.br\/novoportal\/wp-content\/uploads\/2021\/09\/site-zoa-500x278.jpg\" alt=\"\" width=\"500\" height=\"278\" srcset=\"https:\/\/www.sudoestehoje.com.br\/novoportal\/wp-content\/uploads\/2021\/09\/site-zoa-500x278.jpg 500w, https:\/\/www.sudoestehoje.com.br\/novoportal\/wp-content\/uploads\/2021\/09\/site-zoa-700x390.jpg 700w, https:\/\/www.sudoestehoje.com.br\/novoportal\/wp-content\/uploads\/2021\/09\/site-zoa-768x427.jpg 768w, https:\/\/www.sudoestehoje.com.br\/novoportal\/wp-content\/uploads\/2021\/09\/site-zoa.jpg 796w\" sizes=\"auto, (max-width: 500px) 100vw, 500px\" \/><\/a><\/p>\n<p>Foi aprovado na sess\u00e3o legislativa da C\u00e2mara de Vereadores, nesta quarta-feira (1), o Projeto de Lei Complementar N\u00ba 001\/2021, que institui no munic\u00edpio de Itapetinga o estacionamento rotativo no centro comercial da cidade, conhecido popularmente como Zona Azul.<\/p>\n<p>O projeto de autoria do Poder Executivo foi submetido em discuss\u00e3o e vota\u00e7\u00e3o, ap\u00f3s aprecia\u00e7\u00e3o das comiss\u00f5es da Casa Legislativa e discuss\u00e3o com representantes de entidades ligadas ao com\u00e9rcio, a exemplo da CDL, que opinaram e fizeram sugest\u00f5es visando o seu aperfei\u00e7oamento.<\/p>\n<p><a href=\"https:\/\/www.sudoestehoje.com.br\/novoportal\/wp-content\/uploads\/2021\/09\/camara-1.jpeg\"><img loading=\"lazy\" decoding=\"async\" class=\"aligncenter size-medium wp-image-96747\" src=\"https:\/\/www.sudoestehoje.com.br\/novoportal\/wp-content\/uploads\/2021\/09\/camara-1-500x375.jpeg\" alt=\"\" width=\"500\" height=\"375\" srcset=\"https:\/\/www.sudoestehoje.com.br\/novoportal\/wp-content\/uploads\/2021\/09\/camara-1-500x375.jpeg 500w, https:\/\/www.sudoestehoje.com.br\/novoportal\/wp-content\/uploads\/2021\/09\/camara-1-700x525.jpeg 700w, https:\/\/www.sudoestehoje.com.br\/novoportal\/wp-content\/uploads\/2021\/09\/camara-1-768x576.jpeg 768w, https:\/\/www.sudoestehoje.com.br\/novoportal\/wp-content\/uploads\/2021\/09\/camara-1.jpeg 1280w\" sizes=\"auto, (max-width: 500px) 100vw, 500px\" \/><\/a><\/p>\n<p>Ap\u00f3s a aprova\u00e7\u00e3o pelo Legislativo, o texto aprovado com emendas dos vereadores e comiss\u00f5es segue para san\u00e7\u00e3o do prefeito, ficando a sua implanta\u00e7\u00e3o a cargo do Comutran, ap\u00f3s os tr\u00e2mites legais.<\/p>\n<p><strong><em>Por Davi Ferraz<\/em><\/strong><\/p>\n","protected":false},"excerpt":{"rendered":"<p>Foi aprovado na sess\u00e3o legislativa da C\u00e2mara de Vereadores, nesta quarta-feira (1), o Projeto de Lei Complementar N\u00ba 001\/2021, que institui no munic\u00edpio de Itapetinga o estacionamento rotativo no centro comercial da cidade, conhecido popularmente como Zona Azul. O projeto de autoria do Poder Executivo foi submetido em discuss\u00e3o e vota\u00e7\u00e3o, ap\u00f3s aprecia\u00e7\u00e3o das comiss\u00f5es [&hellip;]<\/p>\n","protected":false},"author":2,"featured_media":96747,"comment_status":"open","ping_status":"open","sticky":false,"template":"","format":"standard","meta":{"footnotes":"","_links_to":"","_links_to_target":""},"categories":[1],"tags":[],"class_list":["post-96742","post","type-post","status-publish","format-standard","has-post-thumbnail","hentry","category-geral"],"views":1467,"_links":{"self":[{"href":"https:\/\/www.sudoestehoje.com.br\/novoportal\/wp-json\/wp\/v2\/posts\/96742","targetHints":{"allow":["GET"]}}],"collection":[{"href":"https:\/\/www.sudoestehoje.com.br\/novoportal\/wp-json\/wp\/v2\/posts"}],"about":[{"href":"https:\/\/www.sudoestehoje.com.br\/novoportal\/wp-json\/wp\/v2\/types\/post"}],"author":[{"embeddable":true,"href":"https:\/\/www.sudoestehoje.com.br\/novoportal\/wp-json\/wp\/v2\/users\/2"}],"replies":[{"embeddable":true,"href":"https:\/\/www.sudoestehoje.com.br\/novoportal\/wp-json\/wp\/v2\/comments?post=96742"}],"version-history":[{"count":5,"href":"https:\/\/www.sudoestehoje.com.br\/novoportal\/wp-json\/wp\/v2\/posts\/96742\/revisions"}],"predecessor-version":[{"id":96750,"href":"https:\/\/www.sudoestehoje.com.br\/novoportal\/wp-json\/wp\/v2\/posts\/96742\/revisions\/96750"}],"wp:featuredmedia":[{"embeddable":true,"href":"https:\/\/www.sudoestehoje.com.br\/novoportal\/wp-json\/wp\/v2\/media\/96747"}],"wp:attachment":[{"href":"https:\/\/www.sudoestehoje.com.br\/novoportal\/wp-json\/wp\/v2\/media?parent=96742"}],"wp:term":[{"taxonomy":"category","embeddable":true,"href":"https:\/\/www.sudoestehoje.com.br\/novoportal\/wp-json\/wp\/v2\/categories?post=96742"},{"taxonomy":"post_tag","embeddable":true,"href":"https:\/\/www.sudoestehoje.com.br\/novoportal\/wp-json\/wp\/v2\/tags?post=96742"}],"curies":[{"name":"wp","href":"https:\/\/api.w.org\/{rel}","templated":true}]}}