
{"id":96737,"date":"2021-09-01T18:18:30","date_gmt":"2021-09-01T21:18:30","guid":{"rendered":"https:\/\/www.sudoestehoje.com.br\/novoportal\/?p=96737"},"modified":"2021-09-01T18:18:30","modified_gmt":"2021-09-01T21:18:30","slug":"interrupcao-do-fornecimento-de-agua-para-a-nova-itapetinga-e-vilas-nesta-quinta","status":"publish","type":"post","link":"https:\/\/www.sudoestehoje.com.br\/novoportal\/2021\/09\/01\/interrupcao-do-fornecimento-de-agua-para-a-nova-itapetinga-e-vilas-nesta-quinta\/","title":{"rendered":"INTERRUP\u00c7\u00c3O DO FORNECIMENTO DE \u00c1GUA PARA A NOVA ITAPETINGA E VILAS NESTA QUINTA"},"content":{"rendered":"<p><a href=\"https:\/\/www.sudoestehoje.com.br\/novoportal\/wp-content\/uploads\/2021\/09\/saae-rua-condeuba.jpeg\"><img loading=\"lazy\" decoding=\"async\" class=\"aligncenter size-medium wp-image-96739\" src=\"https:\/\/www.sudoestehoje.com.br\/novoportal\/wp-content\/uploads\/2021\/09\/saae-rua-condeuba-500x281.jpeg\" alt=\"\" width=\"500\" height=\"281\" srcset=\"https:\/\/www.sudoestehoje.com.br\/novoportal\/wp-content\/uploads\/2021\/09\/saae-rua-condeuba-500x281.jpeg 500w, https:\/\/www.sudoestehoje.com.br\/novoportal\/wp-content\/uploads\/2021\/09\/saae-rua-condeuba-700x394.jpeg 700w, https:\/\/www.sudoestehoje.com.br\/novoportal\/wp-content\/uploads\/2021\/09\/saae-rua-condeuba-768x432.jpeg 768w, https:\/\/www.sudoestehoje.com.br\/novoportal\/wp-content\/uploads\/2021\/09\/saae-rua-condeuba.jpeg 1024w\" sizes=\"auto, (max-width: 500px) 100vw, 500px\" \/><\/a><\/p>\n<p>O SAAE informa aos seus usu\u00e1rios que um problema na rede de \u00e1gua da Rua Conde\u00faba provocar\u00e1 a interrup\u00e7\u00e3o do fornecimento de \u00e1gua nesta quinta-feira (2), das 7h \u00e0s 13h, para manuten\u00e7\u00e3o da rede.<\/p>\n<p>O abastecimento ser\u00e1 interrompido para os bairros <strong>Nova Itapetinga, Residencial Moacyr Moura e Casas Populares e, do \u201coutro lado da Ponte\u201d para: Vila Rosa, Vila Riach\u00e3o, Vila Suzano, Clerol\u00e2ndia, Vila Aurora, Vila Isabel, Cidade Jardim, Cassiano Gon\u00e7alves e Neto Fernandes.<\/strong><\/p>\n<p>O servi\u00e7o de escava\u00e7\u00e3o j\u00e1 foi iniciado nesta quarta-feira, para que o per\u00edodo de interrup\u00e7\u00e3o do abastecimento, na quinta, seja menor.<\/p>\n<p>Solicitamos a economia no uso da \u00e1gua do reservat\u00f3rio residencial para que usu\u00e1rio n\u00e3o fique sem \u00e1gua durante esse per\u00edodo.<\/p>\n<p>Agradecemos a aten\u00e7\u00e3o e compreens\u00e3o de todos.<\/p>\n<p>A Dire\u00e7\u00e3o.<\/p>\n","protected":false},"excerpt":{"rendered":"<p>O SAAE informa aos seus usu\u00e1rios que um problema na rede de \u00e1gua da Rua Conde\u00faba provocar\u00e1 a interrup\u00e7\u00e3o do fornecimento de \u00e1gua nesta quinta-feira (2), das 7h \u00e0s 13h, para manuten\u00e7\u00e3o da rede. O abastecimento ser\u00e1 interrompido para os bairros Nova Itapetinga, Residencial Moacyr Moura e Casas Populares e, do \u201coutro lado da Ponte\u201d [&hellip;]<\/p>\n","protected":false},"author":2,"featured_media":96739,"comment_status":"open","ping_status":"open","sticky":false,"template":"","format":"standard","meta":{"footnotes":"","_links_to":"","_links_to_target":""},"categories":[1],"tags":[],"class_list":["post-96737","post","type-post","status-publish","format-standard","has-post-thumbnail","hentry","category-geral"],"views":940,"_links":{"self":[{"href":"https:\/\/www.sudoestehoje.com.br\/novoportal\/wp-json\/wp\/v2\/posts\/96737","targetHints":{"allow":["GET"]}}],"collection":[{"href":"https:\/\/www.sudoestehoje.com.br\/novoportal\/wp-json\/wp\/v2\/posts"}],"about":[{"href":"https:\/\/www.sudoestehoje.com.br\/novoportal\/wp-json\/wp\/v2\/types\/post"}],"author":[{"embeddable":true,"href":"https:\/\/www.sudoestehoje.com.br\/novoportal\/wp-json\/wp\/v2\/users\/2"}],"replies":[{"embeddable":true,"href":"https:\/\/www.sudoestehoje.com.br\/novoportal\/wp-json\/wp\/v2\/comments?post=96737"}],"version-history":[{"count":3,"href":"https:\/\/www.sudoestehoje.com.br\/novoportal\/wp-json\/wp\/v2\/posts\/96737\/revisions"}],"predecessor-version":[{"id":96741,"href":"https:\/\/www.sudoestehoje.com.br\/novoportal\/wp-json\/wp\/v2\/posts\/96737\/revisions\/96741"}],"wp:featuredmedia":[{"embeddable":true,"href":"https:\/\/www.sudoestehoje.com.br\/novoportal\/wp-json\/wp\/v2\/media\/96739"}],"wp:attachment":[{"href":"https:\/\/www.sudoestehoje.com.br\/novoportal\/wp-json\/wp\/v2\/media?parent=96737"}],"wp:term":[{"taxonomy":"category","embeddable":true,"href":"https:\/\/www.sudoestehoje.com.br\/novoportal\/wp-json\/wp\/v2\/categories?post=96737"},{"taxonomy":"post_tag","embeddable":true,"href":"https:\/\/www.sudoestehoje.com.br\/novoportal\/wp-json\/wp\/v2\/tags?post=96737"}],"curies":[{"name":"wp","href":"https:\/\/api.w.org\/{rel}","templated":true}]}}