
{"id":96709,"date":"2021-08-31T22:25:26","date_gmt":"2021-09-01T01:25:26","guid":{"rendered":"https:\/\/www.sudoestehoje.com.br\/novoportal\/?p=96709"},"modified":"2021-08-31T22:25:26","modified_gmt":"2021-09-01T01:25:26","slug":"valor-do-salario-minimo-deve-ser-fixado-em-r-1-169-reais-para-2022","status":"publish","type":"post","link":"https:\/\/www.sudoestehoje.com.br\/novoportal\/2021\/08\/31\/valor-do-salario-minimo-deve-ser-fixado-em-r-1-169-reais-para-2022\/","title":{"rendered":"VALOR DO SAL\u00c1RIO M\u00cdNIMO DEVE SER FIXADO EM R$ 1.169 REAIS PARA 2022"},"content":{"rendered":"<p><a href=\"https:\/\/www.sudoestehoje.com.br\/novoportal\/wp-content\/uploads\/2021\/08\/sal\u00e1rio-m\u00ednimo.jpg\"><img loading=\"lazy\" decoding=\"async\" class=\"aligncenter size-medium wp-image-96713\" src=\"https:\/\/www.sudoestehoje.com.br\/novoportal\/wp-content\/uploads\/2021\/08\/sal\u00e1rio-m\u00ednimo-500x314.jpg\" alt=\"\" width=\"500\" height=\"314\" srcset=\"https:\/\/www.sudoestehoje.com.br\/novoportal\/wp-content\/uploads\/2021\/08\/sal\u00e1rio-m\u00ednimo-500x314.jpg 500w, https:\/\/www.sudoestehoje.com.br\/novoportal\/wp-content\/uploads\/2021\/08\/sal\u00e1rio-m\u00ednimo-700x440.jpg 700w, https:\/\/www.sudoestehoje.com.br\/novoportal\/wp-content\/uploads\/2021\/08\/sal\u00e1rio-m\u00ednimo-768x482.jpg 768w, https:\/\/www.sudoestehoje.com.br\/novoportal\/wp-content\/uploads\/2021\/08\/sal\u00e1rio-m\u00ednimo.jpg 780w\" sizes=\"auto, (max-width: 500px) 100vw, 500px\" \/><\/a><\/p>\n<p>A alta da infla\u00e7\u00e3o nos \u00faltimos meses fez o governo elevar a previs\u00e3o para o sal\u00e1rio m\u00ednimo no pr\u00f3ximo ano. O projeto da lei or\u00e7ament\u00e1ria de 2022, enviado hoje (31) ao Congresso Nacional, prev\u00ea sal\u00e1rio m\u00ednimo de R$ 1.169,00, R$ 22,00 mais alto que o valor de R$ 1.147,00 aprovado na\u00a0Lei de Diretrizes Or\u00e7ament\u00e1rias (LDO)\u00a0.<\/p>\n<p>A Constitui\u00e7\u00e3o determina a manuten\u00e7\u00e3o do poder de compra do sal\u00e1rio m\u00ednimo. Tradicionalmente, a equipe econ\u00f4mica usa o \u00cdndice Nacional de Pre\u00e7os ao Consumidor (INPC) do ano corrente para corrigir o sal\u00e1rio m\u00ednimo do Or\u00e7amento seguinte.<\/p>\n<p>Com a alta de itens b\u00e1sicos, como alimentos, combust\u00edveis e energia, a previs\u00e3o para o INPC em 2021 saltou de 4,3% para 6,2%. O valor do sal\u00e1rio m\u00ednimo pode ficar ainda maior, caso a infla\u00e7\u00e3o supere a previs\u00e3o at\u00e9 o fim do ano.<img decoding=\"async\" class=\" lazyloaded\" src=\"https:\/\/agenciabrasil.ebc.com.br\/ebc.png?id=1420147&amp;o=node\" data-src=\"https:\/\/agenciabrasil.ebc.com.br\/ebc.png?id=1420147&amp;o=node\" \/><img decoding=\"async\" class=\" lazyloaded\" src=\"https:\/\/agenciabrasil.ebc.com.br\/ebc.gif?id=1420147&amp;o=node\" data-src=\"https:\/\/agenciabrasil.ebc.com.br\/ebc.gif?id=1420147&amp;o=node\" \/><\/p>\n","protected":false},"excerpt":{"rendered":"<p>A alta da infla\u00e7\u00e3o nos \u00faltimos meses fez o governo elevar a previs\u00e3o para o sal\u00e1rio m\u00ednimo no pr\u00f3ximo ano. O projeto da lei or\u00e7ament\u00e1ria de 2022, enviado hoje (31) ao Congresso Nacional, prev\u00ea sal\u00e1rio m\u00ednimo de R$ 1.169,00, R$ 22,00 mais alto que o valor de R$ 1.147,00 aprovado na\u00a0Lei de Diretrizes Or\u00e7ament\u00e1rias (LDO)\u00a0. [&hellip;]<\/p>\n","protected":false},"author":2,"featured_media":96713,"comment_status":"open","ping_status":"open","sticky":false,"template":"","format":"standard","meta":{"footnotes":"","_links_to":"","_links_to_target":""},"categories":[1],"tags":[],"class_list":["post-96709","post","type-post","status-publish","format-standard","has-post-thumbnail","hentry","category-geral"],"views":993,"_links":{"self":[{"href":"https:\/\/www.sudoestehoje.com.br\/novoportal\/wp-json\/wp\/v2\/posts\/96709","targetHints":{"allow":["GET"]}}],"collection":[{"href":"https:\/\/www.sudoestehoje.com.br\/novoportal\/wp-json\/wp\/v2\/posts"}],"about":[{"href":"https:\/\/www.sudoestehoje.com.br\/novoportal\/wp-json\/wp\/v2\/types\/post"}],"author":[{"embeddable":true,"href":"https:\/\/www.sudoestehoje.com.br\/novoportal\/wp-json\/wp\/v2\/users\/2"}],"replies":[{"embeddable":true,"href":"https:\/\/www.sudoestehoje.com.br\/novoportal\/wp-json\/wp\/v2\/comments?post=96709"}],"version-history":[{"count":5,"href":"https:\/\/www.sudoestehoje.com.br\/novoportal\/wp-json\/wp\/v2\/posts\/96709\/revisions"}],"predecessor-version":[{"id":96715,"href":"https:\/\/www.sudoestehoje.com.br\/novoportal\/wp-json\/wp\/v2\/posts\/96709\/revisions\/96715"}],"wp:featuredmedia":[{"embeddable":true,"href":"https:\/\/www.sudoestehoje.com.br\/novoportal\/wp-json\/wp\/v2\/media\/96713"}],"wp:attachment":[{"href":"https:\/\/www.sudoestehoje.com.br\/novoportal\/wp-json\/wp\/v2\/media?parent=96709"}],"wp:term":[{"taxonomy":"category","embeddable":true,"href":"https:\/\/www.sudoestehoje.com.br\/novoportal\/wp-json\/wp\/v2\/categories?post=96709"},{"taxonomy":"post_tag","embeddable":true,"href":"https:\/\/www.sudoestehoje.com.br\/novoportal\/wp-json\/wp\/v2\/tags?post=96709"}],"curies":[{"name":"wp","href":"https:\/\/api.w.org\/{rel}","templated":true}]}}