
{"id":96692,"date":"2021-08-30T23:55:42","date_gmt":"2021-08-31T02:55:42","guid":{"rendered":"https:\/\/www.sudoestehoje.com.br\/novoportal\/?p=96692"},"modified":"2021-08-30T23:55:42","modified_gmt":"2021-08-31T02:55:42","slug":"empresario-e-sequestrado-no-sul-da-bahia-bandidos-pedem-r-15-milhao-de-resgate","status":"publish","type":"post","link":"https:\/\/www.sudoestehoje.com.br\/novoportal\/2021\/08\/30\/empresario-e-sequestrado-no-sul-da-bahia-bandidos-pedem-r-15-milhao-de-resgate\/","title":{"rendered":"EMPRES\u00c1RIO \u00c9 SEQUESTRADO NO SUL DA BAHIA; BANDIDOS PEDEM R$ 1,5 MILH\u00c3O DE RESGATE"},"content":{"rendered":"<h1 class=\"elementor-heading-title elementor-size-default\"><a href=\"https:\/\/www.sudoestehoje.com.br\/novoportal\/wp-content\/uploads\/2021\/08\/empresario-sequestrado.jpg\"><img loading=\"lazy\" decoding=\"async\" class=\"aligncenter size-medium wp-image-96693\" src=\"https:\/\/www.sudoestehoje.com.br\/novoportal\/wp-content\/uploads\/2021\/08\/empresario-sequestrado-500x300.jpg\" alt=\"\" width=\"500\" height=\"300\" srcset=\"https:\/\/www.sudoestehoje.com.br\/novoportal\/wp-content\/uploads\/2021\/08\/empresario-sequestrado-500x300.jpg 500w, https:\/\/www.sudoestehoje.com.br\/novoportal\/wp-content\/uploads\/2021\/08\/empresario-sequestrado.jpg 514w\" sizes=\"auto, (max-width: 500px) 100vw, 500px\" \/><\/a><\/h1>\n<p>Policiais do sul e sudoeste da Bahia est\u00e3o mobilizados para tentar localizar um empres\u00e1rio sequestrado, na manh\u00e3 de domingo (29), na Fazenda Jardineira, em Aurelino Leal, no sul da Bahia. O ve\u00edculo, uma Toyota Hilux, placa RCX 3C36, de propriedade da v\u00edtima, foi encontrado na zona rural de Jaguaguara, na regi\u00e3o de Jequi\u00e9, no sudoeste do estado.<\/p>\n<p>De acordo com testemunhas, os bandidos invadiram a fazenda, amarraram tr\u00eas trabalhadores e levaram o empres\u00e1rio Jo\u00e3o Coutinho, que teria tentado escapar, mas acabou dominado e levado. A pol\u00edcia informou que os marginais deixaram um aparelho de celular na propriedade, com os trabalhadores, e informaram que pediriam um resgate de R$ 1,5 milh\u00e3o para libert\u00e1-lo.<\/p>\n<p>Jo\u00e3o Coutinho foi cercado pelos bandidos logo depois que concluiu a contagem do gado na Fazenda Jardineira, por 11h30min. O ve\u00edculo foi encontrado abandonado, no sudoeste da Bahia, horas depois do empres\u00e1rio ser levado. At\u00e9 as 12h de hoje os sequestradores n\u00e3o tinham feito contato com fam\u00edlia da v\u00edtima.<\/p>\n<p>O delegado Marcos Larocca disse que o empres\u00e1rio, dono de propriedades em Aurelino Leal e Ubaitaba, h\u00e1 tr\u00eas anos foi v\u00edtima de assalto. Na \u00e9poca, os bandidos levaram R$ 148 mil. Qualquer informa\u00e7\u00f5es sobre os bandidos e o paradeiro do empres\u00e1rio podem ser repassadas \u00e0 pol\u00edcia pelo telefone 181. <em>\/\/Pimenta<\/em><\/p>\n","protected":false},"excerpt":{"rendered":"<p>Policiais do sul e sudoeste da Bahia est\u00e3o mobilizados para tentar localizar um empres\u00e1rio sequestrado, na manh\u00e3 de domingo (29), na Fazenda Jardineira, em Aurelino Leal, no sul da Bahia. O ve\u00edculo, uma Toyota Hilux, placa RCX 3C36, de propriedade da v\u00edtima, foi encontrado na zona rural de Jaguaguara, na regi\u00e3o de Jequi\u00e9, no sudoeste [&hellip;]<\/p>\n","protected":false},"author":2,"featured_media":96693,"comment_status":"open","ping_status":"open","sticky":false,"template":"","format":"standard","meta":{"footnotes":"","_links_to":"","_links_to_target":""},"categories":[1],"tags":[],"class_list":["post-96692","post","type-post","status-publish","format-standard","has-post-thumbnail","hentry","category-geral"],"views":1103,"_links":{"self":[{"href":"https:\/\/www.sudoestehoje.com.br\/novoportal\/wp-json\/wp\/v2\/posts\/96692","targetHints":{"allow":["GET"]}}],"collection":[{"href":"https:\/\/www.sudoestehoje.com.br\/novoportal\/wp-json\/wp\/v2\/posts"}],"about":[{"href":"https:\/\/www.sudoestehoje.com.br\/novoportal\/wp-json\/wp\/v2\/types\/post"}],"author":[{"embeddable":true,"href":"https:\/\/www.sudoestehoje.com.br\/novoportal\/wp-json\/wp\/v2\/users\/2"}],"replies":[{"embeddable":true,"href":"https:\/\/www.sudoestehoje.com.br\/novoportal\/wp-json\/wp\/v2\/comments?post=96692"}],"version-history":[{"count":4,"href":"https:\/\/www.sudoestehoje.com.br\/novoportal\/wp-json\/wp\/v2\/posts\/96692\/revisions"}],"predecessor-version":[{"id":96697,"href":"https:\/\/www.sudoestehoje.com.br\/novoportal\/wp-json\/wp\/v2\/posts\/96692\/revisions\/96697"}],"wp:featuredmedia":[{"embeddable":true,"href":"https:\/\/www.sudoestehoje.com.br\/novoportal\/wp-json\/wp\/v2\/media\/96693"}],"wp:attachment":[{"href":"https:\/\/www.sudoestehoje.com.br\/novoportal\/wp-json\/wp\/v2\/media?parent=96692"}],"wp:term":[{"taxonomy":"category","embeddable":true,"href":"https:\/\/www.sudoestehoje.com.br\/novoportal\/wp-json\/wp\/v2\/categories?post=96692"},{"taxonomy":"post_tag","embeddable":true,"href":"https:\/\/www.sudoestehoje.com.br\/novoportal\/wp-json\/wp\/v2\/tags?post=96692"}],"curies":[{"name":"wp","href":"https:\/\/api.w.org\/{rel}","templated":true}]}}