
{"id":96682,"date":"2021-08-30T22:09:35","date_gmt":"2021-08-31T01:09:35","guid":{"rendered":"https:\/\/www.sudoestehoje.com.br\/novoportal\/?p=96682"},"modified":"2021-08-30T22:09:35","modified_gmt":"2021-08-31T01:09:35","slug":"fuga-militares-deixam-para-tras-duzentos-americanos-no-afeganistao","status":"publish","type":"post","link":"https:\/\/www.sudoestehoje.com.br\/novoportal\/2021\/08\/30\/fuga-militares-deixam-para-tras-duzentos-americanos-no-afeganistao\/","title":{"rendered":"FUGA: MILITARES DEIXAM PARA TR\u00c1S DUZENTOS AMERICANOS NO AFEGANIST\u00c3O"},"content":{"rendered":"<p><a href=\"https:\/\/www.sudoestehoje.com.br\/novoportal\/wp-content\/uploads\/2021\/08\/Retirada-norte-americana-do-Afeganistao.jpeg\"><img loading=\"lazy\" decoding=\"async\" class=\"aligncenter size-medium wp-image-96683\" src=\"https:\/\/www.sudoestehoje.com.br\/novoportal\/wp-content\/uploads\/2021\/08\/Retirada-norte-americana-do-Afeganistao-500x281.jpeg\" alt=\"\" width=\"500\" height=\"281\" srcset=\"https:\/\/www.sudoestehoje.com.br\/novoportal\/wp-content\/uploads\/2021\/08\/Retirada-norte-americana-do-Afeganistao-500x281.jpeg 500w, https:\/\/www.sudoestehoje.com.br\/novoportal\/wp-content\/uploads\/2021\/08\/Retirada-norte-americana-do-Afeganistao.jpeg 645w\" sizes=\"auto, (max-width: 500px) 100vw, 500px\" \/><\/a><\/p>\n<p>O secret\u00e1rio de Estado dos Estados Unidos, Anthony Blinken, afirmou nesta segunda (30) que os voos militares partido do Afeganist\u00e3o foram encerrados e todas as tropas retiradas, mas ainda h\u00e1 quase 200 americanos no pa\u00eds tomado pelo Talib\u00e3.<\/p>\n<p>Blinken tentou minimizar o fato dizendo que o n\u00famero \u00e9 menor que 200 e \u201cprovavelmente\u201d mais pr\u00f3ximo de 100, mas, em vez disso, acabou confirmando que nem ele sabe o n\u00famero real de americanos deixados para tr\u00e1s.<\/p>\n<p><em>\u201cEstamos tentando determinar exatamente quantas pessoas s\u00e3o. Estamos analisando listas, ligando e mandando mensagens\u201d<\/em>, disse.<\/p>\n<p>Segundo Blinken, o compromisso dos governo Biden com essas pessoas continua. \u201cH\u00e1 pessoas que moram l\u00e1 h\u00e1 muito tempo, t\u00eam fam\u00edlia l\u00e1, \u00e9 uma escolha dolorosa. Se disserem que querem permanecer, e uma semana, um m\u00eas depois, mudarem de ideia, vamos ajud\u00e1-los. Nosso compromisso n\u00e3o tem data limite\u201d, completou.<\/p>\n","protected":false},"excerpt":{"rendered":"<p>O secret\u00e1rio de Estado dos Estados Unidos, Anthony Blinken, afirmou nesta segunda (30) que os voos militares partido do Afeganist\u00e3o foram encerrados e todas as tropas retiradas, mas ainda h\u00e1 quase 200 americanos no pa\u00eds tomado pelo Talib\u00e3. Blinken tentou minimizar o fato dizendo que o n\u00famero \u00e9 menor que 200 e \u201cprovavelmente\u201d mais pr\u00f3ximo [&hellip;]<\/p>\n","protected":false},"author":2,"featured_media":96683,"comment_status":"open","ping_status":"open","sticky":false,"template":"","format":"standard","meta":{"footnotes":"","_links_to":"","_links_to_target":""},"categories":[1],"tags":[],"class_list":["post-96682","post","type-post","status-publish","format-standard","has-post-thumbnail","hentry","category-geral"],"views":872,"_links":{"self":[{"href":"https:\/\/www.sudoestehoje.com.br\/novoportal\/wp-json\/wp\/v2\/posts\/96682","targetHints":{"allow":["GET"]}}],"collection":[{"href":"https:\/\/www.sudoestehoje.com.br\/novoportal\/wp-json\/wp\/v2\/posts"}],"about":[{"href":"https:\/\/www.sudoestehoje.com.br\/novoportal\/wp-json\/wp\/v2\/types\/post"}],"author":[{"embeddable":true,"href":"https:\/\/www.sudoestehoje.com.br\/novoportal\/wp-json\/wp\/v2\/users\/2"}],"replies":[{"embeddable":true,"href":"https:\/\/www.sudoestehoje.com.br\/novoportal\/wp-json\/wp\/v2\/comments?post=96682"}],"version-history":[{"count":2,"href":"https:\/\/www.sudoestehoje.com.br\/novoportal\/wp-json\/wp\/v2\/posts\/96682\/revisions"}],"predecessor-version":[{"id":96685,"href":"https:\/\/www.sudoestehoje.com.br\/novoportal\/wp-json\/wp\/v2\/posts\/96682\/revisions\/96685"}],"wp:featuredmedia":[{"embeddable":true,"href":"https:\/\/www.sudoestehoje.com.br\/novoportal\/wp-json\/wp\/v2\/media\/96683"}],"wp:attachment":[{"href":"https:\/\/www.sudoestehoje.com.br\/novoportal\/wp-json\/wp\/v2\/media?parent=96682"}],"wp:term":[{"taxonomy":"category","embeddable":true,"href":"https:\/\/www.sudoestehoje.com.br\/novoportal\/wp-json\/wp\/v2\/categories?post=96682"},{"taxonomy":"post_tag","embeddable":true,"href":"https:\/\/www.sudoestehoje.com.br\/novoportal\/wp-json\/wp\/v2\/tags?post=96682"}],"curies":[{"name":"wp","href":"https:\/\/api.w.org\/{rel}","templated":true}]}}