
{"id":96676,"date":"2021-08-30T21:30:52","date_gmt":"2021-08-31T00:30:52","guid":{"rendered":"https:\/\/www.sudoestehoje.com.br\/novoportal\/?p=96676"},"modified":"2021-08-30T21:30:52","modified_gmt":"2021-08-31T00:30:52","slug":"delegado-que-deu-sumico-em-aparelho-eletronico-e-demitido-da-policia-civil","status":"publish","type":"post","link":"https:\/\/www.sudoestehoje.com.br\/novoportal\/2021\/08\/30\/delegado-que-deu-sumico-em-aparelho-eletronico-e-demitido-da-policia-civil\/","title":{"rendered":"DELEGADO QUE DEU &#8220;SUMI\u00c7O&#8221; EM APARELHO ELETR\u00d4NICO \u00c9 DEMITIDO DA POL\u00cdCIA CIVIL"},"content":{"rendered":"<p><a href=\"https:\/\/www.sudoestehoje.com.br\/novoportal\/wp-content\/uploads\/2021\/08\/DELEGADO-DEMITIDO.jpg\"><img loading=\"lazy\" decoding=\"async\" class=\"aligncenter  wp-image-96679\" src=\"https:\/\/www.sudoestehoje.com.br\/novoportal\/wp-content\/uploads\/2021\/08\/DELEGADO-DEMITIDO.jpg\" alt=\"\" width=\"499\" height=\"368\" \/><\/a><\/p>\n<p>A SSP da Bahia publicou a demiss\u00e3o do delegado Nilo Ebrahim Ribeiro Bonfim, na edi\u00e7\u00e3o de quarta-feira (25) do Di\u00e1rio Oficial do Estado (DOE).<\/p>\n<p>Em nota enviada ao Bahia Not\u00edcias, a Pol\u00edcia Civil informou que a perda do cargo p\u00fablico foi motivada por um \u201cdesvio de conduta funcional\u201d. Segundo a PC, o policial violou um domic\u00edlio sem autoriza\u00e7\u00e3o judicial e ainda realizou a apreens\u00e3o irregular de um aparelho eletr\u00f4nico, que posteriormente desapareceu.<\/p>\n<p>Em 2017, quando era titular da Delegacia Territorial (DT), de Pinda\u00ed, no Sudoeste do estado, Nilo Ebrahim foi preso por suspeita de associa\u00e7\u00e3o ao tr\u00e1fico de drogas, venda de inqu\u00e9ritos, peculato, entre outros crimes, que teriam sido praticados quando o delegado ainda era titular da DT\/Carinhanha, em 2016.<\/p>\n","protected":false},"excerpt":{"rendered":"<p>A SSP da Bahia publicou a demiss\u00e3o do delegado Nilo Ebrahim Ribeiro Bonfim, na edi\u00e7\u00e3o de quarta-feira (25) do Di\u00e1rio Oficial do Estado (DOE). Em nota enviada ao Bahia Not\u00edcias, a Pol\u00edcia Civil informou que a perda do cargo p\u00fablico foi motivada por um \u201cdesvio de conduta funcional\u201d. Segundo a PC, o policial violou um [&hellip;]<\/p>\n","protected":false},"author":2,"featured_media":96679,"comment_status":"open","ping_status":"open","sticky":false,"template":"","format":"standard","meta":{"footnotes":"","_links_to":"","_links_to_target":""},"categories":[1],"tags":[],"class_list":["post-96676","post","type-post","status-publish","format-standard","has-post-thumbnail","hentry","category-geral"],"views":1174,"_links":{"self":[{"href":"https:\/\/www.sudoestehoje.com.br\/novoportal\/wp-json\/wp\/v2\/posts\/96676","targetHints":{"allow":["GET"]}}],"collection":[{"href":"https:\/\/www.sudoestehoje.com.br\/novoportal\/wp-json\/wp\/v2\/posts"}],"about":[{"href":"https:\/\/www.sudoestehoje.com.br\/novoportal\/wp-json\/wp\/v2\/types\/post"}],"author":[{"embeddable":true,"href":"https:\/\/www.sudoestehoje.com.br\/novoportal\/wp-json\/wp\/v2\/users\/2"}],"replies":[{"embeddable":true,"href":"https:\/\/www.sudoestehoje.com.br\/novoportal\/wp-json\/wp\/v2\/comments?post=96676"}],"version-history":[{"count":4,"href":"https:\/\/www.sudoestehoje.com.br\/novoportal\/wp-json\/wp\/v2\/posts\/96676\/revisions"}],"predecessor-version":[{"id":96681,"href":"https:\/\/www.sudoestehoje.com.br\/novoportal\/wp-json\/wp\/v2\/posts\/96676\/revisions\/96681"}],"wp:featuredmedia":[{"embeddable":true,"href":"https:\/\/www.sudoestehoje.com.br\/novoportal\/wp-json\/wp\/v2\/media\/96679"}],"wp:attachment":[{"href":"https:\/\/www.sudoestehoje.com.br\/novoportal\/wp-json\/wp\/v2\/media?parent=96676"}],"wp:term":[{"taxonomy":"category","embeddable":true,"href":"https:\/\/www.sudoestehoje.com.br\/novoportal\/wp-json\/wp\/v2\/categories?post=96676"},{"taxonomy":"post_tag","embeddable":true,"href":"https:\/\/www.sudoestehoje.com.br\/novoportal\/wp-json\/wp\/v2\/tags?post=96676"}],"curies":[{"name":"wp","href":"https:\/\/api.w.org\/{rel}","templated":true}]}}